{"id":6127,"date":"2021-09-20T12:42:05","date_gmt":"2021-09-20T12:42:05","guid":{"rendered":"https:\/\/iaus.ac.rs\/urbanisticki-projekat-1a-faze-turisti\/"},"modified":"2022-04-21T07:56:51","modified_gmt":"2022-04-21T07:56:51","slug":"urbanisticki-projekat-1a-faze-turisti","status":"publish","type":"post","link":"https:\/\/iaus.ac.rs\/en\/urbanisticki-projekat-1a-faze-turisti\/","title":{"rendered":"Urban project of the 1st phase of the tourist resort &#8220;Jabucko ravniste&#8221; on Stara planina on plots 10 and 10a"},"content":{"rendered":"\n<p>Realization: 2010<br>Head: Igor Mari\u0107<br>Basic team: Igor Mari\u0107 and Bo\u017eidar Mani\u0107<br>Consultants: Olgica Baki\u0107, Tanja Baji\u0107, Nata\u0161a Milojevi\u0107, Svetozar Teofilovi\u0107, Ana Popovi\u0107 Miliji\u0107, Slobodan Miljani\u0107, Milorad Bogdanovi\u0107, Slavko Gavrilovi\u0107, Marina Nenkovi\u0107-Rizni\u0107, Milovan Glavonji\u0107, MF Geomap, Belgrade, GECO, Belgrade, Horwath &amp; Hortawt consulting Zagreb, and Ecosign mountain resort planners ltd, Whistler, B.C. Canada<br>Client: PE for the development of mountain tourism &#8220;Stara planina&#8221;, Knja\u017eevac<br>Spatial coverage: 4.5 ha<\/p>\n","protected":false},"excerpt":{"rendered":"<p>Realization: 2010<br \/>\nHead: Igor Mari\u0107<br \/>\nBasic team: Igor Mari\u0107 and Bo\u017eidar Mani\u0107<br \/>\nConsultants: Olgica Baki\u0107, Tanja Baji\u0107, Nata\u0161a Milojevi\u0107, Svetozar Teofilovi\u0107<\/p>\n","protected":false},"author":1,"featured_media":5053,"comment_status":"open","ping_status":"open","sticky":false,"template":"","format":"standard","meta":{"_uag_custom_page_level_css":"","site-sidebar-layout":"default","site-content-layout":"default","ast-site-content-layout":"default","site-content-style":"default","site-sidebar-style":"default","ast-global-header-display":"","ast-banner-title-visibility":"","ast-main-header-display":"","ast-hfb-above-header-display":"","ast-hfb-below-header-display":"","ast-hfb-mobile-header-display":"","site-post-title":"","ast-breadcrumbs-content":"","ast-featured-img":"","footer-sml-layout":"","ast-disable-related-posts":"","theme-transparent-header-meta":"default","adv-header-id-meta":"","stick-header-meta":"default","header-above-stick-meta":"","header-main-stick-meta":"","header-below-stick-meta":"","astra-migrate-meta-layouts":"default","ast-page-background-enabled":"default","ast-page-background-meta":{"desktop":{"background-color":"var(--ast-global-color-4)","background-image":"","background-repeat":"repeat","background-position":"center center","background-size":"auto","background-attachment":"scroll","background-type":"","background-media":"","overlay-type":"","overlay-color":"","overlay-opacity":"","overlay-gradient":""},"tablet":{"background-color":"","background-image":"","background-repeat":"repeat","background-position":"center center","background-size":"auto","background-attachment":"scroll","background-type":"","background-media":"","overlay-type":"","overlay-color":"","overlay-opacity":"","overlay-gradient":""},"mobile":{"background-color":"","background-image":"","background-repeat":"repeat","background-position":"center center","background-size":"auto","background-attachment":"scroll","background-type":"","background-media":"","overlay-type":"","overlay-color":"","overlay-opacity":"","overlay-gradient":""}},"ast-content-background-meta":{"desktop":{"background-color":"var(--ast-global-color-5)","background-image":"","background-repeat":"repeat","background-position":"center center","background-size":"auto","background-attachment":"scroll","background-type":"","background-media":"","overlay-type":"","overlay-color":"","overlay-opacity":"","overlay-gradient":""},"tablet":{"background-color":"var(--ast-global-color-5)","background-image":"","background-repeat":"repeat","background-position":"center center","background-size":"auto","background-attachment":"scroll","background-type":"","background-media":"","overlay-type":"","overlay-color":"","overlay-opacity":"","overlay-gradient":""},"mobile":{"background-color":"var(--ast-global-color-5)","background-image":"","background-repeat":"repeat","background-position":"center center","background-size":"auto","background-attachment":"scroll","background-type":"","background-media":"","overlay-type":"","overlay-color":"","overlay-opacity":"","overlay-gradient":""}},"footnotes":""},"categories":[86,84],"tags":[],"class_list":["post-6127","post","type-post","status-publish","format-standard","has-post-thumbnail","hentry","category-urban-projects","category--en"],"gutentor_comment":0,"yoast_head":"<!-- This site is optimized with the Yoast SEO plugin v27.4 - https:\/\/yoast.com\/product\/yoast-seo-wordpress\/ -->\n<title>Urban project of the 1st phase of the tourist resort &quot;Jabucko ravniste&quot; on Stara planina on plots 10 and 10a - \u0418\u043d\u0441\u0442\u0438\u0442\u0443\u0442 \u0437\u0430 \u0430\u0440\u0445\u0438\u0442\u0435\u043a\u0442\u0443\u0440\u0443 \u0438 \u0443\u0440\u0431\u0430\u043d\u0438\u0437\u0430\u043c \u0421\u0440\u0431\u0438\u0458\u0435<\/title>\n<meta name=\"description\" content=\"\u0423\u0440\u0431\u0430\u043d\u0438\u0441\u0442\u0438\u0447\u043a\u0438 \u043f\u0440\u043e\u0458\u0435\u043a\u0430\u0442 1\u0430 \u0444\u0430\u0437\u0435 \u0442\u0443\u0440\u0438\u0441\u0442\u0438\u0447\u043a\u043e\u0433 \u0440\u0438\u0437\u043e\u0440\u0442\u0430 \u201e\u0408\u0430\u0431\u0443\u0447\u043a\u043e \u0440\u0430\u0432\u043d\u0438\u0448\u0442\u0435\u201c \u043d\u0430 \u0421\u0442\u0430\u0440\u043e\u0458 \u043f\u043b\u0430\u043d\u0438\u043d\u0438 \u043d\u0430 \u043f\u0430\u0440\u0446\u0435\u043b\u0430\u043c\u0430 10 \u0438 10\u0430 | (\u0418\u0410\u0423\u0421)\" \/>\n<meta name=\"robots\" content=\"index, follow, max-snippet:-1, max-image-preview:large, max-video-preview:-1\" \/>\n<link rel=\"canonical\" href=\"https:\/\/iaus.ac.rs\/en\/urbanisticki-projekat-1a-faze-turisti\/\" \/>\n<meta property=\"og:locale\" content=\"en_US\" \/>\n<meta property=\"og:type\" content=\"article\" \/>\n<meta property=\"og:title\" content=\"Urban project of the 1st phase of the tourist resort &quot;Jabucko ravniste&quot; on Stara planina on plots 10 and 10a - \u0418\u043d\u0441\u0442\u0438\u0442\u0443\u0442 \u0437\u0430 \u0430\u0440\u0445\u0438\u0442\u0435\u043a\u0442\u0443\u0440\u0443 \u0438 \u0443\u0440\u0431\u0430\u043d\u0438\u0437\u0430\u043c \u0421\u0440\u0431\u0438\u0458\u0435\" \/>\n<meta property=\"og:description\" content=\"\u0423\u0440\u0431\u0430\u043d\u0438\u0441\u0442\u0438\u0447\u043a\u0438 \u043f\u0440\u043e\u0458\u0435\u043a\u0430\u0442 1\u0430 \u0444\u0430\u0437\u0435 \u0442\u0443\u0440\u0438\u0441\u0442\u0438\u0447\u043a\u043e\u0433 \u0440\u0438\u0437\u043e\u0440\u0442\u0430 \u201e\u0408\u0430\u0431\u0443\u0447\u043a\u043e \u0440\u0430\u0432\u043d\u0438\u0448\u0442\u0435\u201c \u043d\u0430 \u0421\u0442\u0430\u0440\u043e\u0458 \u043f\u043b\u0430\u043d\u0438\u043d\u0438 \u043d\u0430 \u043f\u0430\u0440\u0446\u0435\u043b\u0430\u043c\u0430 10 \u0438 10\u0430 | (\u0418\u0410\u0423\u0421)\" \/>\n<meta property=\"og:url\" content=\"https:\/\/iaus.ac.rs\/en\/urbanisticki-projekat-1a-faze-turisti\/\" \/>\n<meta property=\"og:site_name\" content=\"\u0418\u043d\u0441\u0442\u0438\u0442\u0443\u0442 \u0437\u0430 \u0430\u0440\u0445\u0438\u0442\u0435\u043a\u0442\u0443\u0440\u0443 \u0438 \u0443\u0440\u0431\u0430\u043d\u0438\u0437\u0430\u043c \u0421\u0440\u0431\u0438\u0458\u0435\" \/>\n<meta property=\"article:published_time\" content=\"2021-09-20T12:42:05+00:00\" \/>\n<meta property=\"article:modified_time\" content=\"2022-04-21T07:56:51+00:00\" \/>\n<meta property=\"og:image\" content=\"https:\/\/iaus.ac.rs\/wp-content\/uploads\/2021\/09\/noimage.jpeg\" \/>\n\t<meta property=\"og:image:width\" content=\"600\" \/>\n\t<meta property=\"og:image:height\" content=\"360\" \/>\n\t<meta property=\"og:image:type\" content=\"image\/jpeg\" \/>\n<meta name=\"author\" content=\"Maja Milosevic\" \/>\n<meta name=\"twitter:card\" content=\"summary_large_image\" \/>\n<meta name=\"twitter:label1\" content=\"Written by\" \/>\n\t<meta name=\"twitter:data1\" content=\"Maja Milosevic\" \/>\n\t<meta name=\"twitter:label2\" content=\"Est. reading time\" \/>\n\t<meta name=\"twitter:data2\" content=\"1 minute\" \/>\n<script type=\"application\/ld+json\" class=\"yoast-schema-graph\">{\"@context\":\"https:\\\/\\\/schema.org\",\"@graph\":[{\"@type\":\"Article\",\"@id\":\"https:\\\/\\\/iaus.ac.rs\\\/en\\\/urbanisticki-projekat-1a-faze-turisti\\\/#article\",\"isPartOf\":{\"@id\":\"https:\\\/\\\/iaus.ac.rs\\\/en\\\/urbanisticki-projekat-1a-faze-turisti\\\/\"},\"author\":{\"name\":\"Maja Milosevic\",\"@id\":\"https:\\\/\\\/iaus.ac.rs\\\/en\\\/#\\\/schema\\\/person\\\/8a34417fd8cf7dc65c5e1d037761b0e1\"},\"headline\":\"Urban project of the 1st phase of the tourist resort &#8220;Jabucko ravniste&#8221; on Stara planina on plots 10 and 10a\",\"datePublished\":\"2021-09-20T12:42:05+00:00\",\"dateModified\":\"2022-04-21T07:56:51+00:00\",\"mainEntityOfPage\":{\"@id\":\"https:\\\/\\\/iaus.ac.rs\\\/en\\\/urbanisticki-projekat-1a-faze-turisti\\\/\"},\"wordCount\":88,\"commentCount\":0,\"publisher\":{\"@id\":\"https:\\\/\\\/iaus.ac.rs\\\/en\\\/#organization\"},\"image\":{\"@id\":\"https:\\\/\\\/iaus.ac.rs\\\/en\\\/urbanisticki-projekat-1a-faze-turisti\\\/#primaryimage\"},\"thumbnailUrl\":\"https:\\\/\\\/iaus.ac.rs\\\/wp-content\\\/uploads\\\/2021\\\/09\\\/noimage.jpeg\",\"articleSection\":[\"Urban projects\",\"\u0423\u0440\u0431\u0430\u043d\u0438\u0437\u0430\u043c\"],\"inLanguage\":\"en-US\",\"potentialAction\":[{\"@type\":\"CommentAction\",\"name\":\"Comment\",\"target\":[\"https:\\\/\\\/iaus.ac.rs\\\/en\\\/urbanisticki-projekat-1a-faze-turisti\\\/#respond\"]}]},{\"@type\":\"WebPage\",\"@id\":\"https:\\\/\\\/iaus.ac.rs\\\/en\\\/urbanisticki-projekat-1a-faze-turisti\\\/\",\"url\":\"https:\\\/\\\/iaus.ac.rs\\\/en\\\/urbanisticki-projekat-1a-faze-turisti\\\/\",\"name\":\"Urban project of the 1st phase of the tourist resort \\\"Jabucko ravniste\\\" on Stara planina on plots 10 and 10a - \u0418\u043d\u0441\u0442\u0438\u0442\u0443\u0442 \u0437\u0430 \u0430\u0440\u0445\u0438\u0442\u0435\u043a\u0442\u0443\u0440\u0443 \u0438 \u0443\u0440\u0431\u0430\u043d\u0438\u0437\u0430\u043c \u0421\u0440\u0431\u0438\u0458\u0435\",\"isPartOf\":{\"@id\":\"https:\\\/\\\/iaus.ac.rs\\\/en\\\/#website\"},\"primaryImageOfPage\":{\"@id\":\"https:\\\/\\\/iaus.ac.rs\\\/en\\\/urbanisticki-projekat-1a-faze-turisti\\\/#primaryimage\"},\"image\":{\"@id\":\"https:\\\/\\\/iaus.ac.rs\\\/en\\\/urbanisticki-projekat-1a-faze-turisti\\\/#primaryimage\"},\"thumbnailUrl\":\"https:\\\/\\\/iaus.ac.rs\\\/wp-content\\\/uploads\\\/2021\\\/09\\\/noimage.jpeg\",\"datePublished\":\"2021-09-20T12:42:05+00:00\",\"dateModified\":\"2022-04-21T07:56:51+00:00\",\"description\":\"\u0423\u0440\u0431\u0430\u043d\u0438\u0441\u0442\u0438\u0447\u043a\u0438 \u043f\u0440\u043e\u0458\u0435\u043a\u0430\u0442 1\u0430 \u0444\u0430\u0437\u0435 \u0442\u0443\u0440\u0438\u0441\u0442\u0438\u0447\u043a\u043e\u0433 \u0440\u0438\u0437\u043e\u0440\u0442\u0430 \u201e\u0408\u0430\u0431\u0443\u0447\u043a\u043e \u0440\u0430\u0432\u043d\u0438\u0448\u0442\u0435\u201c \u043d\u0430 \u0421\u0442\u0430\u0440\u043e\u0458 \u043f\u043b\u0430\u043d\u0438\u043d\u0438 \u043d\u0430 \u043f\u0430\u0440\u0446\u0435\u043b\u0430\u043c\u0430 10 \u0438 10\u0430 | (\u0418\u0410\u0423\u0421)\",\"breadcrumb\":{\"@id\":\"https:\\\/\\\/iaus.ac.rs\\\/en\\\/urbanisticki-projekat-1a-faze-turisti\\\/#breadcrumb\"},\"inLanguage\":\"en-US\",\"potentialAction\":[{\"@type\":\"ReadAction\",\"target\":[\"https:\\\/\\\/iaus.ac.rs\\\/en\\\/urbanisticki-projekat-1a-faze-turisti\\\/\"]}]},{\"@type\":\"ImageObject\",\"inLanguage\":\"en-US\",\"@id\":\"https:\\\/\\\/iaus.ac.rs\\\/en\\\/urbanisticki-projekat-1a-faze-turisti\\\/#primaryimage\",\"url\":\"https:\\\/\\\/iaus.ac.rs\\\/wp-content\\\/uploads\\\/2021\\\/09\\\/noimage.jpeg\",\"contentUrl\":\"https:\\\/\\\/iaus.ac.rs\\\/wp-content\\\/uploads\\\/2021\\\/09\\\/noimage.jpeg\",\"width\":600,\"height\":360},{\"@type\":\"BreadcrumbList\",\"@id\":\"https:\\\/\\\/iaus.ac.rs\\\/en\\\/urbanisticki-projekat-1a-faze-turisti\\\/#breadcrumb\",\"itemListElement\":[{\"@type\":\"ListItem\",\"position\":1,\"name\":\". . . Institute of Architecture and Urban &amp; Spatial Planning of Serbia\",\"item\":\"https:\\\/\\\/iaus.ac.rs\\\/en\\\/\"},{\"@type\":\"ListItem\",\"position\":2,\"name\":\"Urban project of the 1st phase of the tourist resort &#8222;Jabucko ravniste&#8220; on Stara planina on plots 10 and 10a\"}]},{\"@type\":\"WebSite\",\"@id\":\"https:\\\/\\\/iaus.ac.rs\\\/en\\\/#website\",\"url\":\"https:\\\/\\\/iaus.ac.rs\\\/en\\\/\",\"name\":\"\u0418\u043d\u0441\u0442\u0438\u0442\u0443\u0442 \u0437\u0430 \u0430\u0440\u0445\u0438\u0442\u0435\u043a\u0442\u0443\u0440\u0443 \u0438 \u0443\u0440\u0431\u0430\u043d\u0438\u0437\u0430\u043c \u0421\u0440\u0431\u0438\u0458\u0435\",\"description\":\"\",\"publisher\":{\"@id\":\"https:\\\/\\\/iaus.ac.rs\\\/en\\\/#organization\"},\"potentialAction\":[{\"@type\":\"SearchAction\",\"target\":{\"@type\":\"EntryPoint\",\"urlTemplate\":\"https:\\\/\\\/iaus.ac.rs\\\/en\\\/?s={search_term_string}\"},\"query-input\":{\"@type\":\"PropertyValueSpecification\",\"valueRequired\":true,\"valueName\":\"search_term_string\"}}],\"inLanguage\":\"en-US\"},{\"@type\":\"Organization\",\"@id\":\"https:\\\/\\\/iaus.ac.rs\\\/en\\\/#organization\",\"name\":\"\u0418\u043d\u0441\u0442\u0438\u0442\u0443\u0442 \u0437\u0430 \u0430\u0440\u0445\u0438\u0442\u0435\u043a\u0442\u0443\u0440\u0443 \u0438 \u0443\u0440\u0431\u0430\u043d\u0438\u0437\u0430\u043c \u0421\u0440\u0431\u0438\u0458\u0435\",\"url\":\"https:\\\/\\\/iaus.ac.rs\\\/en\\\/\",\"logo\":{\"@type\":\"ImageObject\",\"inLanguage\":\"en-US\",\"@id\":\"https:\\\/\\\/iaus.ac.rs\\\/en\\\/#\\\/schema\\\/logo\\\/image\\\/\",\"url\":\"https:\\\/\\\/iaus.ac.rs\\\/wp-content\\\/uploads\\\/2021\\\/09\\\/Logo.png\",\"contentUrl\":\"https:\\\/\\\/iaus.ac.rs\\\/wp-content\\\/uploads\\\/2021\\\/09\\\/Logo.png\",\"width\":993,\"height\":265,\"caption\":\"\u0418\u043d\u0441\u0442\u0438\u0442\u0443\u0442 \u0437\u0430 \u0430\u0440\u0445\u0438\u0442\u0435\u043a\u0442\u0443\u0440\u0443 \u0438 \u0443\u0440\u0431\u0430\u043d\u0438\u0437\u0430\u043c \u0421\u0440\u0431\u0438\u0458\u0435\"},\"image\":{\"@id\":\"https:\\\/\\\/iaus.ac.rs\\\/en\\\/#\\\/schema\\\/logo\\\/image\\\/\"}},{\"@type\":\"Person\",\"@id\":\"https:\\\/\\\/iaus.ac.rs\\\/en\\\/#\\\/schema\\\/person\\\/8a34417fd8cf7dc65c5e1d037761b0e1\",\"name\":\"Maja Milosevic\",\"image\":{\"@type\":\"ImageObject\",\"inLanguage\":\"en-US\",\"@id\":\"https:\\\/\\\/secure.gravatar.com\\\/avatar\\\/a1cc4432c6d5dadd3fb48bd752632ad09e50d9fea2a18e4dfa6f92154bce512a?s=96&d=mm&r=g\",\"url\":\"https:\\\/\\\/secure.gravatar.com\\\/avatar\\\/a1cc4432c6d5dadd3fb48bd752632ad09e50d9fea2a18e4dfa6f92154bce512a?s=96&d=mm&r=g\",\"contentUrl\":\"https:\\\/\\\/secure.gravatar.com\\\/avatar\\\/a1cc4432c6d5dadd3fb48bd752632ad09e50d9fea2a18e4dfa6f92154bce512a?s=96&d=mm&r=g\",\"caption\":\"Maja Milosevic\"},\"sameAs\":[\"https:\\\/\\\/iaus.ac.rs\"],\"url\":\"https:\\\/\\\/iaus.ac.rs\\\/en\\\/author\\\/maja-milosevic\\\/\"}]}<\/script>\n<!-- \/ Yoast SEO plugin. -->","yoast_head_json":{"title":"Urban project of the 1st phase of the tourist resort \"Jabucko ravniste\" on Stara planina on plots 10 and 10a - \u0418\u043d\u0441\u0442\u0438\u0442\u0443\u0442 \u0437\u0430 \u0430\u0440\u0445\u0438\u0442\u0435\u043a\u0442\u0443\u0440\u0443 \u0438 \u0443\u0440\u0431\u0430\u043d\u0438\u0437\u0430\u043c \u0421\u0440\u0431\u0438\u0458\u0435","description":"\u0423\u0440\u0431\u0430\u043d\u0438\u0441\u0442\u0438\u0447\u043a\u0438 \u043f\u0440\u043e\u0458\u0435\u043a\u0430\u0442 1\u0430 \u0444\u0430\u0437\u0435 \u0442\u0443\u0440\u0438\u0441\u0442\u0438\u0447\u043a\u043e\u0433 \u0440\u0438\u0437\u043e\u0440\u0442\u0430 \u201e\u0408\u0430\u0431\u0443\u0447\u043a\u043e \u0440\u0430\u0432\u043d\u0438\u0448\u0442\u0435\u201c \u043d\u0430 \u0421\u0442\u0430\u0440\u043e\u0458 \u043f\u043b\u0430\u043d\u0438\u043d\u0438 \u043d\u0430 \u043f\u0430\u0440\u0446\u0435\u043b\u0430\u043c\u0430 10 \u0438 10\u0430 | (\u0418\u0410\u0423\u0421)","robots":{"index":"index","follow":"follow","max-snippet":"max-snippet:-1","max-image-preview":"max-image-preview:large","max-video-preview":"max-video-preview:-1"},"canonical":"https:\/\/iaus.ac.rs\/en\/urbanisticki-projekat-1a-faze-turisti\/","og_locale":"en_US","og_type":"article","og_title":"Urban project of the 1st phase of the tourist resort \"Jabucko ravniste\" on Stara planina on plots 10 and 10a - \u0418\u043d\u0441\u0442\u0438\u0442\u0443\u0442 \u0437\u0430 \u0430\u0440\u0445\u0438\u0442\u0435\u043a\u0442\u0443\u0440\u0443 \u0438 \u0443\u0440\u0431\u0430\u043d\u0438\u0437\u0430\u043c \u0421\u0440\u0431\u0438\u0458\u0435","og_description":"\u0423\u0440\u0431\u0430\u043d\u0438\u0441\u0442\u0438\u0447\u043a\u0438 \u043f\u0440\u043e\u0458\u0435\u043a\u0430\u0442 1\u0430 \u0444\u0430\u0437\u0435 \u0442\u0443\u0440\u0438\u0441\u0442\u0438\u0447\u043a\u043e\u0433 \u0440\u0438\u0437\u043e\u0440\u0442\u0430 \u201e\u0408\u0430\u0431\u0443\u0447\u043a\u043e \u0440\u0430\u0432\u043d\u0438\u0448\u0442\u0435\u201c \u043d\u0430 \u0421\u0442\u0430\u0440\u043e\u0458 \u043f\u043b\u0430\u043d\u0438\u043d\u0438 \u043d\u0430 \u043f\u0430\u0440\u0446\u0435\u043b\u0430\u043c\u0430 10 \u0438 10\u0430 | (\u0418\u0410\u0423\u0421)","og_url":"https:\/\/iaus.ac.rs\/en\/urbanisticki-projekat-1a-faze-turisti\/","og_site_name":"\u0418\u043d\u0441\u0442\u0438\u0442\u0443\u0442 \u0437\u0430 \u0430\u0440\u0445\u0438\u0442\u0435\u043a\u0442\u0443\u0440\u0443 \u0438 \u0443\u0440\u0431\u0430\u043d\u0438\u0437\u0430\u043c \u0421\u0440\u0431\u0438\u0458\u0435","article_published_time":"2021-09-20T12:42:05+00:00","article_modified_time":"2022-04-21T07:56:51+00:00","og_image":[{"width":600,"height":360,"url":"https:\/\/iaus.ac.rs\/wp-content\/uploads\/2021\/09\/noimage.jpeg","type":"image\/jpeg"}],"author":"Maja Milosevic","twitter_card":"summary_large_image","twitter_misc":{"Written by":"Maja Milosevic","Est. reading time":"1 minute"},"schema":{"@context":"https:\/\/schema.org","@graph":[{"@type":"Article","@id":"https:\/\/iaus.ac.rs\/en\/urbanisticki-projekat-1a-faze-turisti\/#article","isPartOf":{"@id":"https:\/\/iaus.ac.rs\/en\/urbanisticki-projekat-1a-faze-turisti\/"},"author":{"name":"Maja Milosevic","@id":"https:\/\/iaus.ac.rs\/en\/#\/schema\/person\/8a34417fd8cf7dc65c5e1d037761b0e1"},"headline":"Urban project of the 1st phase of the tourist resort &#8220;Jabucko ravniste&#8221; on Stara planina on plots 10 and 10a","datePublished":"2021-09-20T12:42:05+00:00","dateModified":"2022-04-21T07:56:51+00:00","mainEntityOfPage":{"@id":"https:\/\/iaus.ac.rs\/en\/urbanisticki-projekat-1a-faze-turisti\/"},"wordCount":88,"commentCount":0,"publisher":{"@id":"https:\/\/iaus.ac.rs\/en\/#organization"},"image":{"@id":"https:\/\/iaus.ac.rs\/en\/urbanisticki-projekat-1a-faze-turisti\/#primaryimage"},"thumbnailUrl":"https:\/\/iaus.ac.rs\/wp-content\/uploads\/2021\/09\/noimage.jpeg","articleSection":["Urban projects","\u0423\u0440\u0431\u0430\u043d\u0438\u0437\u0430\u043c"],"inLanguage":"en-US","potentialAction":[{"@type":"CommentAction","name":"Comment","target":["https:\/\/iaus.ac.rs\/en\/urbanisticki-projekat-1a-faze-turisti\/#respond"]}]},{"@type":"WebPage","@id":"https:\/\/iaus.ac.rs\/en\/urbanisticki-projekat-1a-faze-turisti\/","url":"https:\/\/iaus.ac.rs\/en\/urbanisticki-projekat-1a-faze-turisti\/","name":"Urban project of the 1st phase of the tourist resort \"Jabucko ravniste\" on Stara planina on plots 10 and 10a - \u0418\u043d\u0441\u0442\u0438\u0442\u0443\u0442 \u0437\u0430 \u0430\u0440\u0445\u0438\u0442\u0435\u043a\u0442\u0443\u0440\u0443 \u0438 \u0443\u0440\u0431\u0430\u043d\u0438\u0437\u0430\u043c \u0421\u0440\u0431\u0438\u0458\u0435","isPartOf":{"@id":"https:\/\/iaus.ac.rs\/en\/#website"},"primaryImageOfPage":{"@id":"https:\/\/iaus.ac.rs\/en\/urbanisticki-projekat-1a-faze-turisti\/#primaryimage"},"image":{"@id":"https:\/\/iaus.ac.rs\/en\/urbanisticki-projekat-1a-faze-turisti\/#primaryimage"},"thumbnailUrl":"https:\/\/iaus.ac.rs\/wp-content\/uploads\/2021\/09\/noimage.jpeg","datePublished":"2021-09-20T12:42:05+00:00","dateModified":"2022-04-21T07:56:51+00:00","description":"\u0423\u0440\u0431\u0430\u043d\u0438\u0441\u0442\u0438\u0447\u043a\u0438 \u043f\u0440\u043e\u0458\u0435\u043a\u0430\u0442 1\u0430 \u0444\u0430\u0437\u0435 \u0442\u0443\u0440\u0438\u0441\u0442\u0438\u0447\u043a\u043e\u0433 \u0440\u0438\u0437\u043e\u0440\u0442\u0430 \u201e\u0408\u0430\u0431\u0443\u0447\u043a\u043e \u0440\u0430\u0432\u043d\u0438\u0448\u0442\u0435\u201c \u043d\u0430 \u0421\u0442\u0430\u0440\u043e\u0458 \u043f\u043b\u0430\u043d\u0438\u043d\u0438 \u043d\u0430 \u043f\u0430\u0440\u0446\u0435\u043b\u0430\u043c\u0430 10 \u0438 10\u0430 | (\u0418\u0410\u0423\u0421)","breadcrumb":{"@id":"https:\/\/iaus.ac.rs\/en\/urbanisticki-projekat-1a-faze-turisti\/#breadcrumb"},"inLanguage":"en-US","potentialAction":[{"@type":"ReadAction","target":["https:\/\/iaus.ac.rs\/en\/urbanisticki-projekat-1a-faze-turisti\/"]}]},{"@type":"ImageObject","inLanguage":"en-US","@id":"https:\/\/iaus.ac.rs\/en\/urbanisticki-projekat-1a-faze-turisti\/#primaryimage","url":"https:\/\/iaus.ac.rs\/wp-content\/uploads\/2021\/09\/noimage.jpeg","contentUrl":"https:\/\/iaus.ac.rs\/wp-content\/uploads\/2021\/09\/noimage.jpeg","width":600,"height":360},{"@type":"BreadcrumbList","@id":"https:\/\/iaus.ac.rs\/en\/urbanisticki-projekat-1a-faze-turisti\/#breadcrumb","itemListElement":[{"@type":"ListItem","position":1,"name":". . . Institute of Architecture and Urban &amp; Spatial Planning of Serbia","item":"https:\/\/iaus.ac.rs\/en\/"},{"@type":"ListItem","position":2,"name":"Urban project of the 1st phase of the tourist resort &#8222;Jabucko ravniste&#8220; on Stara planina on plots 10 and 10a"}]},{"@type":"WebSite","@id":"https:\/\/iaus.ac.rs\/en\/#website","url":"https:\/\/iaus.ac.rs\/en\/","name":"\u0418\u043d\u0441\u0442\u0438\u0442\u0443\u0442 \u0437\u0430 \u0430\u0440\u0445\u0438\u0442\u0435\u043a\u0442\u0443\u0440\u0443 \u0438 \u0443\u0440\u0431\u0430\u043d\u0438\u0437\u0430\u043c \u0421\u0440\u0431\u0438\u0458\u0435","description":"","publisher":{"@id":"https:\/\/iaus.ac.rs\/en\/#organization"},"potentialAction":[{"@type":"SearchAction","target":{"@type":"EntryPoint","urlTemplate":"https:\/\/iaus.ac.rs\/en\/?s={search_term_string}"},"query-input":{"@type":"PropertyValueSpecification","valueRequired":true,"valueName":"search_term_string"}}],"inLanguage":"en-US"},{"@type":"Organization","@id":"https:\/\/iaus.ac.rs\/en\/#organization","name":"\u0418\u043d\u0441\u0442\u0438\u0442\u0443\u0442 \u0437\u0430 \u0430\u0440\u0445\u0438\u0442\u0435\u043a\u0442\u0443\u0440\u0443 \u0438 \u0443\u0440\u0431\u0430\u043d\u0438\u0437\u0430\u043c \u0421\u0440\u0431\u0438\u0458\u0435","url":"https:\/\/iaus.ac.rs\/en\/","logo":{"@type":"ImageObject","inLanguage":"en-US","@id":"https:\/\/iaus.ac.rs\/en\/#\/schema\/logo\/image\/","url":"https:\/\/iaus.ac.rs\/wp-content\/uploads\/2021\/09\/Logo.png","contentUrl":"https:\/\/iaus.ac.rs\/wp-content\/uploads\/2021\/09\/Logo.png","width":993,"height":265,"caption":"\u0418\u043d\u0441\u0442\u0438\u0442\u0443\u0442 \u0437\u0430 \u0430\u0440\u0445\u0438\u0442\u0435\u043a\u0442\u0443\u0440\u0443 \u0438 \u0443\u0440\u0431\u0430\u043d\u0438\u0437\u0430\u043c \u0421\u0440\u0431\u0438\u0458\u0435"},"image":{"@id":"https:\/\/iaus.ac.rs\/en\/#\/schema\/logo\/image\/"}},{"@type":"Person","@id":"https:\/\/iaus.ac.rs\/en\/#\/schema\/person\/8a34417fd8cf7dc65c5e1d037761b0e1","name":"Maja Milosevic","image":{"@type":"ImageObject","inLanguage":"en-US","@id":"https:\/\/secure.gravatar.com\/avatar\/a1cc4432c6d5dadd3fb48bd752632ad09e50d9fea2a18e4dfa6f92154bce512a?s=96&d=mm&r=g","url":"https:\/\/secure.gravatar.com\/avatar\/a1cc4432c6d5dadd3fb48bd752632ad09e50d9fea2a18e4dfa6f92154bce512a?s=96&d=mm&r=g","contentUrl":"https:\/\/secure.gravatar.com\/avatar\/a1cc4432c6d5dadd3fb48bd752632ad09e50d9fea2a18e4dfa6f92154bce512a?s=96&d=mm&r=g","caption":"Maja Milosevic"},"sameAs":["https:\/\/iaus.ac.rs"],"url":"https:\/\/iaus.ac.rs\/en\/author\/maja-milosevic\/"}]}},"uagb_featured_image_src":{"full":["https:\/\/iaus.ac.rs\/wp-content\/uploads\/2021\/09\/noimage.jpeg",600,360,false],"thumbnail":["https:\/\/iaus.ac.rs\/wp-content\/uploads\/2021\/09\/noimage-150x150.jpeg",150,150,true],"medium":["https:\/\/iaus.ac.rs\/wp-content\/uploads\/2021\/09\/noimage-300x180.jpeg",300,180,true],"medium_large":["https:\/\/iaus.ac.rs\/wp-content\/uploads\/2021\/09\/noimage.jpeg",600,360,false],"large":["https:\/\/iaus.ac.rs\/wp-content\/uploads\/2021\/09\/noimage.jpeg",600,360,false],"1536x1536":["https:\/\/iaus.ac.rs\/wp-content\/uploads\/2021\/09\/noimage.jpeg",600,360,false],"2048x2048":["https:\/\/iaus.ac.rs\/wp-content\/uploads\/2021\/09\/noimage.jpeg",600,360,false]},"uagb_author_info":{"display_name":"Maja Milosevic","author_link":"https:\/\/iaus.ac.rs\/en\/author\/maja-milosevic\/"},"uagb_comment_info":0,"uagb_excerpt":"Realization: 2010 Head: Igor Mari\u0107 Basic team: Igor Mari\u0107 and Bo\u017eidar Mani\u0107 Consultants: Olgica Baki\u0107, Tanja Baji\u0107, Nata\u0161a Milojevi\u0107, Svetozar Teofilovi\u0107","_links":{"self":[{"href":"https:\/\/iaus.ac.rs\/en\/wp-json\/wp\/v2\/posts\/6127","targetHints":{"allow":["GET"]}}],"collection":[{"href":"https:\/\/iaus.ac.rs\/en\/wp-json\/wp\/v2\/posts"}],"about":[{"href":"https:\/\/iaus.ac.rs\/en\/wp-json\/wp\/v2\/types\/post"}],"author":[{"embeddable":true,"href":"https:\/\/iaus.ac.rs\/en\/wp-json\/wp\/v2\/users\/1"}],"replies":[{"embeddable":true,"href":"https:\/\/iaus.ac.rs\/en\/wp-json\/wp\/v2\/comments?post=6127"}],"version-history":[{"count":0,"href":"https:\/\/iaus.ac.rs\/en\/wp-json\/wp\/v2\/posts\/6127\/revisions"}],"wp:featuredmedia":[{"embeddable":true,"href":"https:\/\/iaus.ac.rs\/en\/wp-json\/wp\/v2\/media\/5053"}],"wp:attachment":[{"href":"https:\/\/iaus.ac.rs\/en\/wp-json\/wp\/v2\/media?parent=6127"}],"wp:term":[{"taxonomy":"category","embeddable":true,"href":"https:\/\/iaus.ac.rs\/en\/wp-json\/wp\/v2\/categories?post=6127"},{"taxonomy":"post_tag","embeddable":true,"href":"https:\/\/iaus.ac.rs\/en\/wp-json\/wp\/v2\/tags?post=6127"}],"curies":[{"name":"wp","href":"https:\/\/api.w.org\/{rel}","templated":true}]}}