{"id":6020,"date":"2021-09-17T12:48:48","date_gmt":"2021-09-17T12:48:48","guid":{"rendered":"https:\/\/iaus.ac.rs\/novo-groblje-i-kapela-u-barosevcu\/"},"modified":"2022-04-20T09:56:46","modified_gmt":"2022-04-20T09:56:46","slug":"novo-groblje-i-kapela-u-barosevcu","status":"publish","type":"post","link":"https:\/\/iaus.ac.rs\/en\/novo-groblje-i-kapela-u-barosevcu\/","title":{"rendered":"New cementery and Chapel in Barosevac"},"content":{"rendered":"\n<section class=\"wp-block-uagb-columns uagb-columns__wrap uagb-columns__background-undefined uagb-columns__stack-mobile uagb-columns__valign-undefined uagb-columns__gap-10 alignundefined uagb-block-bd61f022\"><div class=\"uagb-columns__overlay\"><\/div><div class=\"uagb-columns__inner-wrap uagb-columns__columns-1\">\n<div class=\"wp-block-uagb-column uagb-column__wrap uagb-column__background-undefined uagb-block-54b1ccc5\"><div class=\"uagb-column__overlay\"><\/div><div class=\"uagb-column__inner-wrap\">\n<p>Year of design: 2010\/2011<br>Year of realization: 2012<br>Authors: Igor Mari\u0107, Bo\u017eidar Mani\u0107 and Ana Nikovi\u0107<br>Responsible designer: Bo\u017eidar Mani\u0107<br>Design team: Bo\u017eidar Mani\u0107, Ana Nikovi\u0107, and Tanja Baji\u0107,<br>Client: PDRB &#8220;Kolubara&#8221;, Lazarevac<br>Description and basic concept: Conceptual design and main design<\/p>\n\n\n\n<p>Due to the expansion of coal mines in Baro\u0161evac, there was a need to relocate the village cemetery. From the few offered, the villagers chose a visible, prominent location, on a slope slightly below the top of the hill above the village.<\/p>\n\n\n\n<p>The terrain inclination required the positioning of gravesites and a chapel with a commemoration square parallel to the isohypses. The authors strived for conciseness in expression and legibility of purpose.<\/p>\n\n\n\n<p>Due to the delicacy of the process of relocating the old cemetery, the wishes of the local community were highly respected, which contributed to the layering of architecture, in the search for the right measure of both traditional and contemporary.<\/p>\n\n\n\n<p>The chapel is laid out onto the ground. It has an elongated line of the uniform rhythm of the pillars so that it reflects calmness and duration. The roof is visually and constructively separated and &#8220;floats&#8221; over a firmly buried rectangular corpus, which gives the impression of a metaphorical elevation. The atmosphere around the chapel and in the porch area is full of rhythmic, changing shadows. All this contributes to the impression of metaphysicality and ethereality of space. The architecture of the building is a dialogue of the permanent and the ephemeral. The materials were taken from the surroundings. Wood and stone come from the nearby mine. The &#8220;acropolis&#8221; place of the chapel gives it an additional note of spirituality.<\/p>\n<\/div><\/div>\n<\/div><\/section>\n\n\n\n<section class=\"wp-block-uagb-columns uagb-columns__wrap uagb-columns__background-undefined uagb-columns__stack-mobile uagb-columns__valign-undefined uagb-columns__gap-10 alignundefined uagb-block-bb682fce\"><div class=\"uagb-columns__overlay\"><\/div><div class=\"uagb-columns__inner-wrap uagb-columns__columns-1\">\n<div class=\"wp-block-uagb-column uagb-column__wrap uagb-column__background-undefined uagb-block-ac5fc1a8\"><div class=\"uagb-column__overlay\"><\/div><div class=\"uagb-column__inner-wrap\">\n<figure class=\"wp-block-gallery has-nested-images columns-1 is-cropped wp-block-gallery-1 is-layout-flex wp-block-gallery-is-layout-flex\">\n<figure class=\"wp-block-image size-large\"><img fetchpriority=\"high\" decoding=\"async\" width=\"1200\" height=\"899\" data-id=\"5090\" src=\"https:\/\/iaus.ac.rs\/wp-content\/uploads\/2022\/01\/Institut-Arhitektura-Realizovani-objekti-Novo-groblje-i-kapela-u-Barosevcu-01.jpg\" alt=\"\" class=\"wp-image-5090\" srcset=\"https:\/\/iaus.ac.rs\/wp-content\/uploads\/2022\/01\/Institut-Arhitektura-Realizovani-objekti-Novo-groblje-i-kapela-u-Barosevcu-01.jpg 1200w, https:\/\/iaus.ac.rs\/wp-content\/uploads\/2022\/01\/Institut-Arhitektura-Realizovani-objekti-Novo-groblje-i-kapela-u-Barosevcu-01-300x225.jpg 300w, https:\/\/iaus.ac.rs\/wp-content\/uploads\/2022\/01\/Institut-Arhitektura-Realizovani-objekti-Novo-groblje-i-kapela-u-Barosevcu-01-1024x767.jpg 1024w, https:\/\/iaus.ac.rs\/wp-content\/uploads\/2022\/01\/Institut-Arhitektura-Realizovani-objekti-Novo-groblje-i-kapela-u-Barosevcu-01-768x575.jpg 768w\" sizes=\"(max-width: 1200px) 100vw, 1200px\" \/><\/figure>\n\n\n\n<figure class=\"wp-block-image size-large\"><img decoding=\"async\" width=\"1200\" height=\"475\" data-id=\"5089\" src=\"https:\/\/iaus.ac.rs\/wp-content\/uploads\/2022\/01\/Institut-Arhitektura-Realizovani-objekti-Novo-groblje-i-kapela-u-Barosevcu-02.jpg\" alt=\"\" class=\"wp-image-5089\" srcset=\"https:\/\/iaus.ac.rs\/wp-content\/uploads\/2022\/01\/Institut-Arhitektura-Realizovani-objekti-Novo-groblje-i-kapela-u-Barosevcu-02.jpg 1200w, https:\/\/iaus.ac.rs\/wp-content\/uploads\/2022\/01\/Institut-Arhitektura-Realizovani-objekti-Novo-groblje-i-kapela-u-Barosevcu-02-300x119.jpg 300w, https:\/\/iaus.ac.rs\/wp-content\/uploads\/2022\/01\/Institut-Arhitektura-Realizovani-objekti-Novo-groblje-i-kapela-u-Barosevcu-02-1024x405.jpg 1024w, https:\/\/iaus.ac.rs\/wp-content\/uploads\/2022\/01\/Institut-Arhitektura-Realizovani-objekti-Novo-groblje-i-kapela-u-Barosevcu-02-768x304.jpg 768w\" sizes=\"(max-width: 1200px) 100vw, 1200px\" \/><\/figure>\n\n\n\n<figure class=\"wp-block-image size-large\"><img decoding=\"async\" width=\"1200\" height=\"633\" data-id=\"5088\" src=\"https:\/\/iaus.ac.rs\/wp-content\/uploads\/2022\/01\/Institut-Arhitektura-Realizovani-objekti-Novo-groblje-i-kapela-u-Barosevcu-05.jpg\" alt=\"\" class=\"wp-image-5088\" srcset=\"https:\/\/iaus.ac.rs\/wp-content\/uploads\/2022\/01\/Institut-Arhitektura-Realizovani-objekti-Novo-groblje-i-kapela-u-Barosevcu-05.jpg 1200w, https:\/\/iaus.ac.rs\/wp-content\/uploads\/2022\/01\/Institut-Arhitektura-Realizovani-objekti-Novo-groblje-i-kapela-u-Barosevcu-05-300x158.jpg 300w, https:\/\/iaus.ac.rs\/wp-content\/uploads\/2022\/01\/Institut-Arhitektura-Realizovani-objekti-Novo-groblje-i-kapela-u-Barosevcu-05-1024x540.jpg 1024w, https:\/\/iaus.ac.rs\/wp-content\/uploads\/2022\/01\/Institut-Arhitektura-Realizovani-objekti-Novo-groblje-i-kapela-u-Barosevcu-05-768x405.jpg 768w\" sizes=\"(max-width: 1200px) 100vw, 1200px\" \/><\/figure>\n\n\n\n<figure class=\"wp-block-image size-large\"><img loading=\"lazy\" decoding=\"async\" width=\"1200\" height=\"1598\" data-id=\"5091\" src=\"https:\/\/iaus.ac.rs\/wp-content\/uploads\/2022\/01\/Institut-Arhitektura-Realizovani-objekti-Novo-groblje-i-kapela-u-Barosevcu-03.jpg\" alt=\"\" class=\"wp-image-5091\" srcset=\"https:\/\/iaus.ac.rs\/wp-content\/uploads\/2022\/01\/Institut-Arhitektura-Realizovani-objekti-Novo-groblje-i-kapela-u-Barosevcu-03.jpg 1200w, https:\/\/iaus.ac.rs\/wp-content\/uploads\/2022\/01\/Institut-Arhitektura-Realizovani-objekti-Novo-groblje-i-kapela-u-Barosevcu-03-225x300.jpg 225w, https:\/\/iaus.ac.rs\/wp-content\/uploads\/2022\/01\/Institut-Arhitektura-Realizovani-objekti-Novo-groblje-i-kapela-u-Barosevcu-03-769x1024.jpg 769w, https:\/\/iaus.ac.rs\/wp-content\/uploads\/2022\/01\/Institut-Arhitektura-Realizovani-objekti-Novo-groblje-i-kapela-u-Barosevcu-03-768x1023.jpg 768w, https:\/\/iaus.ac.rs\/wp-content\/uploads\/2022\/01\/Institut-Arhitektura-Realizovani-objekti-Novo-groblje-i-kapela-u-Barosevcu-03-1153x1536.jpg 1153w\" sizes=\"(max-width: 1200px) 100vw, 1200px\" \/><\/figure>\n\n\n\n<figure class=\"wp-block-image size-large\"><img loading=\"lazy\" decoding=\"async\" width=\"1200\" height=\"1383\" data-id=\"5092\" src=\"https:\/\/iaus.ac.rs\/wp-content\/uploads\/2022\/01\/Institut-Arhitektura-Realizovani-objekti-Novo-groblje-i-kapela-u-Barosevcu-04.jpg\" alt=\"\" class=\"wp-image-5092\" srcset=\"https:\/\/iaus.ac.rs\/wp-content\/uploads\/2022\/01\/Institut-Arhitektura-Realizovani-objekti-Novo-groblje-i-kapela-u-Barosevcu-04.jpg 1200w, https:\/\/iaus.ac.rs\/wp-content\/uploads\/2022\/01\/Institut-Arhitektura-Realizovani-objekti-Novo-groblje-i-kapela-u-Barosevcu-04-260x300.jpg 260w, https:\/\/iaus.ac.rs\/wp-content\/uploads\/2022\/01\/Institut-Arhitektura-Realizovani-objekti-Novo-groblje-i-kapela-u-Barosevcu-04-889x1024.jpg 889w, https:\/\/iaus.ac.rs\/wp-content\/uploads\/2022\/01\/Institut-Arhitektura-Realizovani-objekti-Novo-groblje-i-kapela-u-Barosevcu-04-768x885.jpg 768w\" sizes=\"(max-width: 1200px) 100vw, 1200px\" \/><\/figure>\n<\/figure>\n<\/div><\/div>\n<\/div><\/section>\n","protected":false},"excerpt":{"rendered":"<p>Year of design: 2010\/2011 <br \/>Year of realization: 2012<br \/>Authors: Igor Mari\u0107, Bo\u017eidar Mani\u0107 and Ana Nikovi\u0107 Responsible designer: Bo\u017eidar Mani\u0107<\/p>\n","protected":false},"author":1,"featured_media":5095,"comment_status":"open","ping_status":"open","sticky":false,"template":"","format":"standard","meta":{"_uag_custom_page_level_css":"","site-sidebar-layout":"default","site-content-layout":"default","ast-site-content-layout":"default","site-content-style":"default","site-sidebar-style":"default","ast-global-header-display":"","ast-banner-title-visibility":"","ast-main-header-display":"","ast-hfb-above-header-display":"","ast-hfb-below-header-display":"","ast-hfb-mobile-header-display":"","site-post-title":"","ast-breadcrumbs-content":"","ast-featured-img":"","footer-sml-layout":"","ast-disable-related-posts":"","theme-transparent-header-meta":"default","adv-header-id-meta":"","stick-header-meta":"default","header-above-stick-meta":"","header-main-stick-meta":"","header-below-stick-meta":"","astra-migrate-meta-layouts":"default","ast-page-background-enabled":"default","ast-page-background-meta":{"desktop":{"background-color":"var(--ast-global-color-4)","background-image":"","background-repeat":"repeat","background-position":"center center","background-size":"auto","background-attachment":"scroll","background-type":"","background-media":"","overlay-type":"","overlay-color":"","overlay-opacity":"","overlay-gradient":""},"tablet":{"background-color":"","background-image":"","background-repeat":"repeat","background-position":"center center","background-size":"auto","background-attachment":"scroll","background-type":"","background-media":"","overlay-type":"","overlay-color":"","overlay-opacity":"","overlay-gradient":""},"mobile":{"background-color":"","background-image":"","background-repeat":"repeat","background-position":"center center","background-size":"auto","background-attachment":"scroll","background-type":"","background-media":"","overlay-type":"","overlay-color":"","overlay-opacity":"","overlay-gradient":""}},"ast-content-background-meta":{"desktop":{"background-color":"var(--ast-global-color-5)","background-image":"","background-repeat":"repeat","background-position":"center center","background-size":"auto","background-attachment":"scroll","background-type":"","background-media":"","overlay-type":"","overlay-color":"","overlay-opacity":"","overlay-gradient":""},"tablet":{"background-color":"var(--ast-global-color-5)","background-image":"","background-repeat":"repeat","background-position":"center center","background-size":"auto","background-attachment":"scroll","background-type":"","background-media":"","overlay-type":"","overlay-color":"","overlay-opacity":"","overlay-gradient":""},"mobile":{"background-color":"var(--ast-global-color-5)","background-image":"","background-repeat":"repeat","background-position":"center center","background-size":"auto","background-attachment":"scroll","background-type":"","background-media":"","overlay-type":"","overlay-color":"","overlay-opacity":"","overlay-gradient":""}},"footnotes":""},"categories":[61,64],"tags":[],"class_list":["post-6020","post","type-post","status-publish","format-standard","has-post-thumbnail","hentry","category-architecture","category-completed-facilities"],"gutentor_comment":0,"yoast_head":"<!-- This site is optimized with the Yoast SEO plugin v27.4 - https:\/\/yoast.com\/product\/yoast-seo-wordpress\/ -->\n<title>New cementery and Chapel in Barosevac - \u0418\u043d\u0441\u0442\u0438\u0442\u0443\u0442 \u0437\u0430 \u0430\u0440\u0445\u0438\u0442\u0435\u043a\u0442\u0443\u0440\u0443 \u0438 \u0443\u0440\u0431\u0430\u043d\u0438\u0437\u0430\u043c \u0421\u0440\u0431\u0438\u0458\u0435<\/title>\n<meta name=\"description\" content=\"\u041d\u043e\u0432\u043e \u0433\u0440\u043e\u0431\u0459\u0435 \u0438 \u043a\u0430\u043f\u0435\u043b\u0430 \u0443 \u0411\u0430\u0440\u043e\u0448\u0435\u0432\u0446\u0443 | (\u0418\u0410\u0423\u0421)\" \/>\n<meta name=\"robots\" content=\"index, follow, max-snippet:-1, max-image-preview:large, max-video-preview:-1\" \/>\n<link rel=\"canonical\" href=\"https:\/\/iaus.ac.rs\/en\/novo-groblje-i-kapela-u-barosevcu\/\" \/>\n<meta property=\"og:locale\" content=\"en_US\" \/>\n<meta property=\"og:type\" content=\"article\" \/>\n<meta property=\"og:title\" content=\"New cementery and Chapel in Barosevac - \u0418\u043d\u0441\u0442\u0438\u0442\u0443\u0442 \u0437\u0430 \u0430\u0440\u0445\u0438\u0442\u0435\u043a\u0442\u0443\u0440\u0443 \u0438 \u0443\u0440\u0431\u0430\u043d\u0438\u0437\u0430\u043c \u0421\u0440\u0431\u0438\u0458\u0435\" \/>\n<meta property=\"og:description\" content=\"\u041d\u043e\u0432\u043e \u0433\u0440\u043e\u0431\u0459\u0435 \u0438 \u043a\u0430\u043f\u0435\u043b\u0430 \u0443 \u0411\u0430\u0440\u043e\u0448\u0435\u0432\u0446\u0443 | (\u0418\u0410\u0423\u0421)\" \/>\n<meta property=\"og:url\" content=\"https:\/\/iaus.ac.rs\/en\/novo-groblje-i-kapela-u-barosevcu\/\" \/>\n<meta property=\"og:site_name\" content=\"\u0418\u043d\u0441\u0442\u0438\u0442\u0443\u0442 \u0437\u0430 \u0430\u0440\u0445\u0438\u0442\u0435\u043a\u0442\u0443\u0440\u0443 \u0438 \u0443\u0440\u0431\u0430\u043d\u0438\u0437\u0430\u043c \u0421\u0440\u0431\u0438\u0458\u0435\" \/>\n<meta property=\"article:published_time\" content=\"2021-09-17T12:48:48+00:00\" \/>\n<meta property=\"article:modified_time\" content=\"2022-04-20T09:56:46+00:00\" \/>\n<meta property=\"og:image\" content=\"https:\/\/iaus.ac.rs\/wp-content\/uploads\/2021\/09\/1-Institut-Arhitektura-Realizovani-objekti-Novo-groblje-i-kapela-u-Barosevcu-feature.jpg\" \/>\n\t<meta property=\"og:image:width\" content=\"1000\" \/>\n\t<meta property=\"og:image:height\" content=\"600\" \/>\n\t<meta property=\"og:image:type\" content=\"image\/jpeg\" \/>\n<meta name=\"author\" content=\"Maja Milosevic\" \/>\n<meta name=\"twitter:card\" content=\"summary_large_image\" \/>\n<meta name=\"twitter:label1\" content=\"Written by\" \/>\n\t<meta name=\"twitter:data1\" content=\"Maja Milosevic\" \/>\n\t<meta name=\"twitter:label2\" content=\"Est. reading time\" \/>\n\t<meta name=\"twitter:data2\" content=\"3 minutes\" \/>\n<script type=\"application\/ld+json\" class=\"yoast-schema-graph\">{\"@context\":\"https:\\\/\\\/schema.org\",\"@graph\":[{\"@type\":\"Article\",\"@id\":\"https:\\\/\\\/iaus.ac.rs\\\/en\\\/novo-groblje-i-kapela-u-barosevcu\\\/#article\",\"isPartOf\":{\"@id\":\"https:\\\/\\\/iaus.ac.rs\\\/en\\\/novo-groblje-i-kapela-u-barosevcu\\\/\"},\"author\":{\"name\":\"Maja Milosevic\",\"@id\":\"https:\\\/\\\/iaus.ac.rs\\\/en\\\/#\\\/schema\\\/person\\\/8a34417fd8cf7dc65c5e1d037761b0e1\"},\"headline\":\"New cementery and Chapel in Barosevac\",\"datePublished\":\"2021-09-17T12:48:48+00:00\",\"dateModified\":\"2022-04-20T09:56:46+00:00\",\"mainEntityOfPage\":{\"@id\":\"https:\\\/\\\/iaus.ac.rs\\\/en\\\/novo-groblje-i-kapela-u-barosevcu\\\/\"},\"wordCount\":281,\"commentCount\":0,\"publisher\":{\"@id\":\"https:\\\/\\\/iaus.ac.rs\\\/en\\\/#organization\"},\"image\":{\"@id\":\"https:\\\/\\\/iaus.ac.rs\\\/en\\\/novo-groblje-i-kapela-u-barosevcu\\\/#primaryimage\"},\"thumbnailUrl\":\"https:\\\/\\\/iaus.ac.rs\\\/wp-content\\\/uploads\\\/2021\\\/09\\\/1-Institut-Arhitektura-Realizovani-objekti-Novo-groblje-i-kapela-u-Barosevcu-feature.jpg\",\"articleSection\":[\"Architecture\",\"Completed facilities\"],\"inLanguage\":\"en-US\",\"potentialAction\":[{\"@type\":\"CommentAction\",\"name\":\"Comment\",\"target\":[\"https:\\\/\\\/iaus.ac.rs\\\/en\\\/novo-groblje-i-kapela-u-barosevcu\\\/#respond\"]}]},{\"@type\":\"WebPage\",\"@id\":\"https:\\\/\\\/iaus.ac.rs\\\/en\\\/novo-groblje-i-kapela-u-barosevcu\\\/\",\"url\":\"https:\\\/\\\/iaus.ac.rs\\\/en\\\/novo-groblje-i-kapela-u-barosevcu\\\/\",\"name\":\"New cementery and Chapel in Barosevac - \u0418\u043d\u0441\u0442\u0438\u0442\u0443\u0442 \u0437\u0430 \u0430\u0440\u0445\u0438\u0442\u0435\u043a\u0442\u0443\u0440\u0443 \u0438 \u0443\u0440\u0431\u0430\u043d\u0438\u0437\u0430\u043c \u0421\u0440\u0431\u0438\u0458\u0435\",\"isPartOf\":{\"@id\":\"https:\\\/\\\/iaus.ac.rs\\\/en\\\/#website\"},\"primaryImageOfPage\":{\"@id\":\"https:\\\/\\\/iaus.ac.rs\\\/en\\\/novo-groblje-i-kapela-u-barosevcu\\\/#primaryimage\"},\"image\":{\"@id\":\"https:\\\/\\\/iaus.ac.rs\\\/en\\\/novo-groblje-i-kapela-u-barosevcu\\\/#primaryimage\"},\"thumbnailUrl\":\"https:\\\/\\\/iaus.ac.rs\\\/wp-content\\\/uploads\\\/2021\\\/09\\\/1-Institut-Arhitektura-Realizovani-objekti-Novo-groblje-i-kapela-u-Barosevcu-feature.jpg\",\"datePublished\":\"2021-09-17T12:48:48+00:00\",\"dateModified\":\"2022-04-20T09:56:46+00:00\",\"description\":\"\u041d\u043e\u0432\u043e \u0433\u0440\u043e\u0431\u0459\u0435 \u0438 \u043a\u0430\u043f\u0435\u043b\u0430 \u0443 \u0411\u0430\u0440\u043e\u0448\u0435\u0432\u0446\u0443 | (\u0418\u0410\u0423\u0421)\",\"breadcrumb\":{\"@id\":\"https:\\\/\\\/iaus.ac.rs\\\/en\\\/novo-groblje-i-kapela-u-barosevcu\\\/#breadcrumb\"},\"inLanguage\":\"en-US\",\"potentialAction\":[{\"@type\":\"ReadAction\",\"target\":[\"https:\\\/\\\/iaus.ac.rs\\\/en\\\/novo-groblje-i-kapela-u-barosevcu\\\/\"]}]},{\"@type\":\"ImageObject\",\"inLanguage\":\"en-US\",\"@id\":\"https:\\\/\\\/iaus.ac.rs\\\/en\\\/novo-groblje-i-kapela-u-barosevcu\\\/#primaryimage\",\"url\":\"https:\\\/\\\/iaus.ac.rs\\\/wp-content\\\/uploads\\\/2021\\\/09\\\/1-Institut-Arhitektura-Realizovani-objekti-Novo-groblje-i-kapela-u-Barosevcu-feature.jpg\",\"contentUrl\":\"https:\\\/\\\/iaus.ac.rs\\\/wp-content\\\/uploads\\\/2021\\\/09\\\/1-Institut-Arhitektura-Realizovani-objekti-Novo-groblje-i-kapela-u-Barosevcu-feature.jpg\",\"width\":1000,\"height\":600},{\"@type\":\"BreadcrumbList\",\"@id\":\"https:\\\/\\\/iaus.ac.rs\\\/en\\\/novo-groblje-i-kapela-u-barosevcu\\\/#breadcrumb\",\"itemListElement\":[{\"@type\":\"ListItem\",\"position\":1,\"name\":\". . . Institute of Architecture and Urban &amp; Spatial Planning of Serbia\",\"item\":\"https:\\\/\\\/iaus.ac.rs\\\/en\\\/\"},{\"@type\":\"ListItem\",\"position\":2,\"name\":\"New cementery and Chapel in Barosevac\"}]},{\"@type\":\"WebSite\",\"@id\":\"https:\\\/\\\/iaus.ac.rs\\\/en\\\/#website\",\"url\":\"https:\\\/\\\/iaus.ac.rs\\\/en\\\/\",\"name\":\"\u0418\u043d\u0441\u0442\u0438\u0442\u0443\u0442 \u0437\u0430 \u0430\u0440\u0445\u0438\u0442\u0435\u043a\u0442\u0443\u0440\u0443 \u0438 \u0443\u0440\u0431\u0430\u043d\u0438\u0437\u0430\u043c \u0421\u0440\u0431\u0438\u0458\u0435\",\"description\":\"\",\"publisher\":{\"@id\":\"https:\\\/\\\/iaus.ac.rs\\\/en\\\/#organization\"},\"potentialAction\":[{\"@type\":\"SearchAction\",\"target\":{\"@type\":\"EntryPoint\",\"urlTemplate\":\"https:\\\/\\\/iaus.ac.rs\\\/en\\\/?s={search_term_string}\"},\"query-input\":{\"@type\":\"PropertyValueSpecification\",\"valueRequired\":true,\"valueName\":\"search_term_string\"}}],\"inLanguage\":\"en-US\"},{\"@type\":\"Organization\",\"@id\":\"https:\\\/\\\/iaus.ac.rs\\\/en\\\/#organization\",\"name\":\"\u0418\u043d\u0441\u0442\u0438\u0442\u0443\u0442 \u0437\u0430 \u0430\u0440\u0445\u0438\u0442\u0435\u043a\u0442\u0443\u0440\u0443 \u0438 \u0443\u0440\u0431\u0430\u043d\u0438\u0437\u0430\u043c \u0421\u0440\u0431\u0438\u0458\u0435\",\"url\":\"https:\\\/\\\/iaus.ac.rs\\\/en\\\/\",\"logo\":{\"@type\":\"ImageObject\",\"inLanguage\":\"en-US\",\"@id\":\"https:\\\/\\\/iaus.ac.rs\\\/en\\\/#\\\/schema\\\/logo\\\/image\\\/\",\"url\":\"https:\\\/\\\/iaus.ac.rs\\\/wp-content\\\/uploads\\\/2021\\\/09\\\/Logo.png\",\"contentUrl\":\"https:\\\/\\\/iaus.ac.rs\\\/wp-content\\\/uploads\\\/2021\\\/09\\\/Logo.png\",\"width\":993,\"height\":265,\"caption\":\"\u0418\u043d\u0441\u0442\u0438\u0442\u0443\u0442 \u0437\u0430 \u0430\u0440\u0445\u0438\u0442\u0435\u043a\u0442\u0443\u0440\u0443 \u0438 \u0443\u0440\u0431\u0430\u043d\u0438\u0437\u0430\u043c \u0421\u0440\u0431\u0438\u0458\u0435\"},\"image\":{\"@id\":\"https:\\\/\\\/iaus.ac.rs\\\/en\\\/#\\\/schema\\\/logo\\\/image\\\/\"}},{\"@type\":\"Person\",\"@id\":\"https:\\\/\\\/iaus.ac.rs\\\/en\\\/#\\\/schema\\\/person\\\/8a34417fd8cf7dc65c5e1d037761b0e1\",\"name\":\"Maja Milosevic\",\"image\":{\"@type\":\"ImageObject\",\"inLanguage\":\"en-US\",\"@id\":\"https:\\\/\\\/secure.gravatar.com\\\/avatar\\\/a1cc4432c6d5dadd3fb48bd752632ad09e50d9fea2a18e4dfa6f92154bce512a?s=96&d=mm&r=g\",\"url\":\"https:\\\/\\\/secure.gravatar.com\\\/avatar\\\/a1cc4432c6d5dadd3fb48bd752632ad09e50d9fea2a18e4dfa6f92154bce512a?s=96&d=mm&r=g\",\"contentUrl\":\"https:\\\/\\\/secure.gravatar.com\\\/avatar\\\/a1cc4432c6d5dadd3fb48bd752632ad09e50d9fea2a18e4dfa6f92154bce512a?s=96&d=mm&r=g\",\"caption\":\"Maja Milosevic\"},\"sameAs\":[\"https:\\\/\\\/iaus.ac.rs\"],\"url\":\"https:\\\/\\\/iaus.ac.rs\\\/en\\\/author\\\/maja-milosevic\\\/\"}]}<\/script>\n<!-- \/ Yoast SEO plugin. -->","yoast_head_json":{"title":"New cementery and Chapel in Barosevac - \u0418\u043d\u0441\u0442\u0438\u0442\u0443\u0442 \u0437\u0430 \u0430\u0440\u0445\u0438\u0442\u0435\u043a\u0442\u0443\u0440\u0443 \u0438 \u0443\u0440\u0431\u0430\u043d\u0438\u0437\u0430\u043c \u0421\u0440\u0431\u0438\u0458\u0435","description":"\u041d\u043e\u0432\u043e \u0433\u0440\u043e\u0431\u0459\u0435 \u0438 \u043a\u0430\u043f\u0435\u043b\u0430 \u0443 \u0411\u0430\u0440\u043e\u0448\u0435\u0432\u0446\u0443 | (\u0418\u0410\u0423\u0421)","robots":{"index":"index","follow":"follow","max-snippet":"max-snippet:-1","max-image-preview":"max-image-preview:large","max-video-preview":"max-video-preview:-1"},"canonical":"https:\/\/iaus.ac.rs\/en\/novo-groblje-i-kapela-u-barosevcu\/","og_locale":"en_US","og_type":"article","og_title":"New cementery and Chapel in Barosevac - \u0418\u043d\u0441\u0442\u0438\u0442\u0443\u0442 \u0437\u0430 \u0430\u0440\u0445\u0438\u0442\u0435\u043a\u0442\u0443\u0440\u0443 \u0438 \u0443\u0440\u0431\u0430\u043d\u0438\u0437\u0430\u043c \u0421\u0440\u0431\u0438\u0458\u0435","og_description":"\u041d\u043e\u0432\u043e \u0433\u0440\u043e\u0431\u0459\u0435 \u0438 \u043a\u0430\u043f\u0435\u043b\u0430 \u0443 \u0411\u0430\u0440\u043e\u0448\u0435\u0432\u0446\u0443 | (\u0418\u0410\u0423\u0421)","og_url":"https:\/\/iaus.ac.rs\/en\/novo-groblje-i-kapela-u-barosevcu\/","og_site_name":"\u0418\u043d\u0441\u0442\u0438\u0442\u0443\u0442 \u0437\u0430 \u0430\u0440\u0445\u0438\u0442\u0435\u043a\u0442\u0443\u0440\u0443 \u0438 \u0443\u0440\u0431\u0430\u043d\u0438\u0437\u0430\u043c \u0421\u0440\u0431\u0438\u0458\u0435","article_published_time":"2021-09-17T12:48:48+00:00","article_modified_time":"2022-04-20T09:56:46+00:00","og_image":[{"width":1000,"height":600,"url":"https:\/\/iaus.ac.rs\/wp-content\/uploads\/2021\/09\/1-Institut-Arhitektura-Realizovani-objekti-Novo-groblje-i-kapela-u-Barosevcu-feature.jpg","type":"image\/jpeg"}],"author":"Maja Milosevic","twitter_card":"summary_large_image","twitter_misc":{"Written by":"Maja Milosevic","Est. reading time":"3 minutes"},"schema":{"@context":"https:\/\/schema.org","@graph":[{"@type":"Article","@id":"https:\/\/iaus.ac.rs\/en\/novo-groblje-i-kapela-u-barosevcu\/#article","isPartOf":{"@id":"https:\/\/iaus.ac.rs\/en\/novo-groblje-i-kapela-u-barosevcu\/"},"author":{"name":"Maja Milosevic","@id":"https:\/\/iaus.ac.rs\/en\/#\/schema\/person\/8a34417fd8cf7dc65c5e1d037761b0e1"},"headline":"New cementery and Chapel in Barosevac","datePublished":"2021-09-17T12:48:48+00:00","dateModified":"2022-04-20T09:56:46+00:00","mainEntityOfPage":{"@id":"https:\/\/iaus.ac.rs\/en\/novo-groblje-i-kapela-u-barosevcu\/"},"wordCount":281,"commentCount":0,"publisher":{"@id":"https:\/\/iaus.ac.rs\/en\/#organization"},"image":{"@id":"https:\/\/iaus.ac.rs\/en\/novo-groblje-i-kapela-u-barosevcu\/#primaryimage"},"thumbnailUrl":"https:\/\/iaus.ac.rs\/wp-content\/uploads\/2021\/09\/1-Institut-Arhitektura-Realizovani-objekti-Novo-groblje-i-kapela-u-Barosevcu-feature.jpg","articleSection":["Architecture","Completed facilities"],"inLanguage":"en-US","potentialAction":[{"@type":"CommentAction","name":"Comment","target":["https:\/\/iaus.ac.rs\/en\/novo-groblje-i-kapela-u-barosevcu\/#respond"]}]},{"@type":"WebPage","@id":"https:\/\/iaus.ac.rs\/en\/novo-groblje-i-kapela-u-barosevcu\/","url":"https:\/\/iaus.ac.rs\/en\/novo-groblje-i-kapela-u-barosevcu\/","name":"New cementery and Chapel in Barosevac - \u0418\u043d\u0441\u0442\u0438\u0442\u0443\u0442 \u0437\u0430 \u0430\u0440\u0445\u0438\u0442\u0435\u043a\u0442\u0443\u0440\u0443 \u0438 \u0443\u0440\u0431\u0430\u043d\u0438\u0437\u0430\u043c \u0421\u0440\u0431\u0438\u0458\u0435","isPartOf":{"@id":"https:\/\/iaus.ac.rs\/en\/#website"},"primaryImageOfPage":{"@id":"https:\/\/iaus.ac.rs\/en\/novo-groblje-i-kapela-u-barosevcu\/#primaryimage"},"image":{"@id":"https:\/\/iaus.ac.rs\/en\/novo-groblje-i-kapela-u-barosevcu\/#primaryimage"},"thumbnailUrl":"https:\/\/iaus.ac.rs\/wp-content\/uploads\/2021\/09\/1-Institut-Arhitektura-Realizovani-objekti-Novo-groblje-i-kapela-u-Barosevcu-feature.jpg","datePublished":"2021-09-17T12:48:48+00:00","dateModified":"2022-04-20T09:56:46+00:00","description":"\u041d\u043e\u0432\u043e \u0433\u0440\u043e\u0431\u0459\u0435 \u0438 \u043a\u0430\u043f\u0435\u043b\u0430 \u0443 \u0411\u0430\u0440\u043e\u0448\u0435\u0432\u0446\u0443 | (\u0418\u0410\u0423\u0421)","breadcrumb":{"@id":"https:\/\/iaus.ac.rs\/en\/novo-groblje-i-kapela-u-barosevcu\/#breadcrumb"},"inLanguage":"en-US","potentialAction":[{"@type":"ReadAction","target":["https:\/\/iaus.ac.rs\/en\/novo-groblje-i-kapela-u-barosevcu\/"]}]},{"@type":"ImageObject","inLanguage":"en-US","@id":"https:\/\/iaus.ac.rs\/en\/novo-groblje-i-kapela-u-barosevcu\/#primaryimage","url":"https:\/\/iaus.ac.rs\/wp-content\/uploads\/2021\/09\/1-Institut-Arhitektura-Realizovani-objekti-Novo-groblje-i-kapela-u-Barosevcu-feature.jpg","contentUrl":"https:\/\/iaus.ac.rs\/wp-content\/uploads\/2021\/09\/1-Institut-Arhitektura-Realizovani-objekti-Novo-groblje-i-kapela-u-Barosevcu-feature.jpg","width":1000,"height":600},{"@type":"BreadcrumbList","@id":"https:\/\/iaus.ac.rs\/en\/novo-groblje-i-kapela-u-barosevcu\/#breadcrumb","itemListElement":[{"@type":"ListItem","position":1,"name":". . . Institute of Architecture and Urban &amp; Spatial Planning of Serbia","item":"https:\/\/iaus.ac.rs\/en\/"},{"@type":"ListItem","position":2,"name":"New cementery and Chapel in Barosevac"}]},{"@type":"WebSite","@id":"https:\/\/iaus.ac.rs\/en\/#website","url":"https:\/\/iaus.ac.rs\/en\/","name":"\u0418\u043d\u0441\u0442\u0438\u0442\u0443\u0442 \u0437\u0430 \u0430\u0440\u0445\u0438\u0442\u0435\u043a\u0442\u0443\u0440\u0443 \u0438 \u0443\u0440\u0431\u0430\u043d\u0438\u0437\u0430\u043c \u0421\u0440\u0431\u0438\u0458\u0435","description":"","publisher":{"@id":"https:\/\/iaus.ac.rs\/en\/#organization"},"potentialAction":[{"@type":"SearchAction","target":{"@type":"EntryPoint","urlTemplate":"https:\/\/iaus.ac.rs\/en\/?s={search_term_string}"},"query-input":{"@type":"PropertyValueSpecification","valueRequired":true,"valueName":"search_term_string"}}],"inLanguage":"en-US"},{"@type":"Organization","@id":"https:\/\/iaus.ac.rs\/en\/#organization","name":"\u0418\u043d\u0441\u0442\u0438\u0442\u0443\u0442 \u0437\u0430 \u0430\u0440\u0445\u0438\u0442\u0435\u043a\u0442\u0443\u0440\u0443 \u0438 \u0443\u0440\u0431\u0430\u043d\u0438\u0437\u0430\u043c \u0421\u0440\u0431\u0438\u0458\u0435","url":"https:\/\/iaus.ac.rs\/en\/","logo":{"@type":"ImageObject","inLanguage":"en-US","@id":"https:\/\/iaus.ac.rs\/en\/#\/schema\/logo\/image\/","url":"https:\/\/iaus.ac.rs\/wp-content\/uploads\/2021\/09\/Logo.png","contentUrl":"https:\/\/iaus.ac.rs\/wp-content\/uploads\/2021\/09\/Logo.png","width":993,"height":265,"caption":"\u0418\u043d\u0441\u0442\u0438\u0442\u0443\u0442 \u0437\u0430 \u0430\u0440\u0445\u0438\u0442\u0435\u043a\u0442\u0443\u0440\u0443 \u0438 \u0443\u0440\u0431\u0430\u043d\u0438\u0437\u0430\u043c \u0421\u0440\u0431\u0438\u0458\u0435"},"image":{"@id":"https:\/\/iaus.ac.rs\/en\/#\/schema\/logo\/image\/"}},{"@type":"Person","@id":"https:\/\/iaus.ac.rs\/en\/#\/schema\/person\/8a34417fd8cf7dc65c5e1d037761b0e1","name":"Maja Milosevic","image":{"@type":"ImageObject","inLanguage":"en-US","@id":"https:\/\/secure.gravatar.com\/avatar\/a1cc4432c6d5dadd3fb48bd752632ad09e50d9fea2a18e4dfa6f92154bce512a?s=96&d=mm&r=g","url":"https:\/\/secure.gravatar.com\/avatar\/a1cc4432c6d5dadd3fb48bd752632ad09e50d9fea2a18e4dfa6f92154bce512a?s=96&d=mm&r=g","contentUrl":"https:\/\/secure.gravatar.com\/avatar\/a1cc4432c6d5dadd3fb48bd752632ad09e50d9fea2a18e4dfa6f92154bce512a?s=96&d=mm&r=g","caption":"Maja Milosevic"},"sameAs":["https:\/\/iaus.ac.rs"],"url":"https:\/\/iaus.ac.rs\/en\/author\/maja-milosevic\/"}]}},"uagb_featured_image_src":{"full":["https:\/\/iaus.ac.rs\/wp-content\/uploads\/2021\/09\/1-Institut-Arhitektura-Realizovani-objekti-Novo-groblje-i-kapela-u-Barosevcu-feature.jpg",1000,600,false],"thumbnail":["https:\/\/iaus.ac.rs\/wp-content\/uploads\/2021\/09\/1-Institut-Arhitektura-Realizovani-objekti-Novo-groblje-i-kapela-u-Barosevcu-feature-150x150.jpg",150,150,true],"medium":["https:\/\/iaus.ac.rs\/wp-content\/uploads\/2021\/09\/1-Institut-Arhitektura-Realizovani-objekti-Novo-groblje-i-kapela-u-Barosevcu-feature-300x180.jpg",300,180,true],"medium_large":["https:\/\/iaus.ac.rs\/wp-content\/uploads\/2021\/09\/1-Institut-Arhitektura-Realizovani-objekti-Novo-groblje-i-kapela-u-Barosevcu-feature-768x461.jpg",768,461,true],"large":["https:\/\/iaus.ac.rs\/wp-content\/uploads\/2021\/09\/1-Institut-Arhitektura-Realizovani-objekti-Novo-groblje-i-kapela-u-Barosevcu-feature.jpg",1000,600,false],"1536x1536":["https:\/\/iaus.ac.rs\/wp-content\/uploads\/2021\/09\/1-Institut-Arhitektura-Realizovani-objekti-Novo-groblje-i-kapela-u-Barosevcu-feature.jpg",1000,600,false],"2048x2048":["https:\/\/iaus.ac.rs\/wp-content\/uploads\/2021\/09\/1-Institut-Arhitektura-Realizovani-objekti-Novo-groblje-i-kapela-u-Barosevcu-feature.jpg",1000,600,false]},"uagb_author_info":{"display_name":"Maja Milosevic","author_link":"https:\/\/iaus.ac.rs\/en\/author\/maja-milosevic\/"},"uagb_comment_info":0,"uagb_excerpt":"Year of design: 2010\/2011 Year of realization: 2012Authors: Igor Mari\u0107, Bo\u017eidar Mani\u0107 and Ana Nikovi\u0107 Responsible designer: Bo\u017eidar Mani\u0107","_links":{"self":[{"href":"https:\/\/iaus.ac.rs\/en\/wp-json\/wp\/v2\/posts\/6020","targetHints":{"allow":["GET"]}}],"collection":[{"href":"https:\/\/iaus.ac.rs\/en\/wp-json\/wp\/v2\/posts"}],"about":[{"href":"https:\/\/iaus.ac.rs\/en\/wp-json\/wp\/v2\/types\/post"}],"author":[{"embeddable":true,"href":"https:\/\/iaus.ac.rs\/en\/wp-json\/wp\/v2\/users\/1"}],"replies":[{"embeddable":true,"href":"https:\/\/iaus.ac.rs\/en\/wp-json\/wp\/v2\/comments?post=6020"}],"version-history":[{"count":0,"href":"https:\/\/iaus.ac.rs\/en\/wp-json\/wp\/v2\/posts\/6020\/revisions"}],"wp:featuredmedia":[{"embeddable":true,"href":"https:\/\/iaus.ac.rs\/en\/wp-json\/wp\/v2\/media\/5095"}],"wp:attachment":[{"href":"https:\/\/iaus.ac.rs\/en\/wp-json\/wp\/v2\/media?parent=6020"}],"wp:term":[{"taxonomy":"category","embeddable":true,"href":"https:\/\/iaus.ac.rs\/en\/wp-json\/wp\/v2\/categories?post=6020"},{"taxonomy":"post_tag","embeddable":true,"href":"https:\/\/iaus.ac.rs\/en\/wp-json\/wp\/v2\/tags?post=6020"}],"curies":[{"name":"wp","href":"https:\/\/api.w.org\/{rel}","templated":true}]}}