{"id":5694,"date":"2022-02-02T11:30:10","date_gmt":"2022-02-02T11:30:10","guid":{"rendered":"https:\/\/iaus.ac.rs\/%d0%b4%d1%80-%d0%bd%d0%b5%d0%b1%d0%be%d1%98%d1%88%d0%b0-%d1%81%d1%82%d0%b5%d1%84%d0%b0%d0%bd%d0%be%d0%b2%d0%b8%d1%9b\/"},"modified":"2025-10-01T19:18:42","modified_gmt":"2025-10-01T19:18:42","slug":"dr-nebojsa-stefanovic","status":"publish","type":"post","link":"https:\/\/iaus.ac.rs\/en\/dr-nebojsa-stefanovic\/","title":{"rendered":"Neboj\u0161a Stefanovi\u0107 Ph.d."},"content":{"rendered":"\n<section class=\"wp-block-uagb-columns uagb-columns__wrap uagb-columns__stack-mobile uagb-columns__valign- uagb-columns__gap-10 align uagb-block-36ffef49 uagb-columns__columns-1 uagb-columns__max_width-theme\"><div class=\"uagb-columns__overlay\"><\/div><div class=\"uagb-columns__inner-wrap uagb-columns__columns-1\">\n<div class=\"wp-block-uagb-column uagb-column__wrap uagb-column__background-undefined uagb-block-fc70f0bf\"><div class=\"uagb-column__overlay\"><\/div>\n<h2 class=\"wp-block-heading has-medium-font-size\" id=\"\u0430\u043a\u0430\u0434\u0435\u043c\u0441\u043a\u0438-\u0438-\u043d\u0430\u0443\u0447\u043d\u0438-\u043d\u0430\u0437\u0438\u0432\u0438\"><strong>Academic and scientific titles<\/strong><\/h2>\n\n\n\n<div style=\"height:20px\" aria-hidden=\"true\" class=\"wp-block-spacer\"><\/div>\n\n\n\n<p>Ph.D. in Spatial Planning(University of Belgrade, Faculty of Geography, 2011);<\/p>\n\n\n\n<p>M.Sc. in Spatial Planning (University of Belgrade, Faculty of Geography, 2005);<\/p>\n\n\n\n<p>B.Sc. in Spatial Planning (University of Belgrade, Faculty of Geography, 1996).<\/p>\n\n\n\n<div style=\"height:20px\" aria-hidden=\"true\" class=\"wp-block-spacer\"><\/div>\n\n\n\n<h2 class=\"wp-block-heading has-medium-font-size\" id=\"\u043f\u0440\u043e\u0444\u0435\u0441\u0438\u043e\u043d\u0430\u043b\u043d\u0438-\u043d\u0430\u0437\u0438\u0432\u0438-\u0438-\u043b\u0438\u0446\u0435\u043d\u0446\u0435\"><strong>Professional titles and licenses<\/strong><\/h2>\n\n\n\n<p>license 100 responsible planner (2004);<\/p>\n\n\n\n<p>license 200 responsible urban planner (2013);<\/p>\n\n\n\n<p>state exam for work in state administration bodies.<\/p>\n\n\n\n<div style=\"height:20px\" aria-hidden=\"true\" class=\"wp-block-spacer\"><\/div>\n\n\n\n<h2 class=\"wp-block-heading has-medium-font-size\" id=\"\u0440\u0430\u0434\u043d\u043e-\u0438\u0441\u043a\u0443\u0441\u0442\u0432\u043e\"><strong>Professional<\/strong> <strong>experience<\/strong><\/h2>\n\n\n\n<div style=\"height:20px\" aria-hidden=\"true\" class=\"wp-block-spacer\"><\/div>\n\n\n\n<p>from 2020. senior research associate in Institute of Architecture and Urban&amp;Spatial Planning of Serbia;<\/p>\n\n\n\n<p>2016-2020. research associate in Institute of Architecture and Urban&amp;Spatial Planning of Serbia;<\/p>\n\n\n\n<p>2012-2016. director of the Urban Planning Institute of Belgrade;<\/p>\n\n\n\n<p>2004-2012. manager for spatial plans and strategic planning in Republic Agency for Spatial Planning;<\/p>\n\n\n\n<p>2003-2004. director of the Republic Agency for Spatial Planning;<\/p>\n\n\n\n<p>2003. director of the Office for Spatial and Urban Planning in Ministry of Urban Planning and Construction;<\/p>\n\n\n\n<p>1997-2003. expert associate and manager for spatial planning in Office for Spatial and Urban Planning in Ministry of Urban Planning and Construction.<\/p>\n\n\n\n<div style=\"height:20px\" aria-hidden=\"true\" class=\"wp-block-spacer\"><\/div>\n\n\n\n<h2 class=\"wp-block-heading has-medium-font-size\" id=\"\u0443\u0447\u0435\u0448\u045b\u0435-\u0443-\u043d\u0430\u0443\u0447\u043d\u043e\u0438\u0441\u0442\u0440\u0430\u0436\u0438\u0432\u0430\u0447\u043a\u0438\u043c-\u043f\u0440\u043e\u0458\u0435\u043a\u0442\u0438\u043c\u0430\"><strong>Participation in scientific research projects<\/strong><\/h2>\n\n\n\n<div style=\"height:20px\" aria-hidden=\"true\" class=\"wp-block-spacer\"><\/div>\n\n\n\n<p>2017-2019. subproject manager on Project \u201eAttractive Danube\u201c: Improving Capacities for Enhancing Territorial Attractiveness of the Danube Region (No. DTP1-1-270-4.1), Danube Transnational Programme (DTP), Interreg programme;<\/p>\n\n\n\n<p>2016-2019. researcher on Project of Ministry of Education, Science and Technological Development T\u042036035 \u201eSpatial, ecological, energy and social aspects of settlement development and climate change &#8211; mutual influences\u201c;<\/p>\n\n\n\n<p>2008-2010. external associate on projects \u201eSustainable development and arrangement of spa and other tourist resorts in Serbia\u201c (No. \u0422\u0420 16007), \u201eSpatial, social and ecological aspects of development in large mining basins\u201c (No. \u0422\u0420 16008) and \u201eApproach and concept for preparation the Spatial Development Strategy of Serbia\u201c (No. \u0422\u0420 16013) of Ministry of Education, Science and Technological Development.<\/p>\n\n\n\n<div style=\"height:20px\" aria-hidden=\"true\" class=\"wp-block-spacer\"><\/div>\n\n\n\n<h2 class=\"wp-block-heading has-medium-font-size\" id=\"\u043d\u0430\u0433\u0440\u0430\u0434\u0435-\u0438-\u043f\u0440\u0438\u0437\u043d\u0430\u045a\u0430\"><strong>Prizes and awards<\/strong><\/h2>\n\n\n\n<div style=\"height:20px\" aria-hidden=\"true\" class=\"wp-block-spacer\"><\/div>\n\n\n\n<p>2018. first award at 27<sup>th<\/sup> &nbsp;International Salon of Urbanism, Ruma, \u201eSpatial plan for special purpose area of Landscapes of exceptional qualities Ov\u010darsko-kablarska klisura\u201c, Institute of Architecture and Urban&amp;Spatial Planning of Serbia, management team;<\/p>\n\n\n\n<p>2014. first award at 25<sup>th<\/sup> &nbsp;International Salon of Urbanism, Belgrade, \u201eSpatial plan for special purpose area of arrangement of the coastal part of the city of Belgrade &#8211; the area of the Sava riverbank for the project &#8220;Belgrade Waterfront&#8221;, Urban Planning Institute of Belgrade, management team;<\/p>\n\n\n\n<p>2012. award of the Serbian Chamber of Engineers for outstanding achievements in the field of activities of the members of the Chamber (for managing the development of seven spatial plans &#8211; one regional spatial plan, two spatial plans of the special purpose area and four spatial plans of the local municipalities);<\/p>\n\n\n\n<p>2011. first award at 22<sup>th<\/sup> International Salon of Urbanism, Nis, \u201eRegional spatial plan of Timok region\u201c, Institute of Architecture and Urban&amp;Spatial Planning of Serbia, team leader.<\/p>\n\n\n\n<div style=\"height:20px\" aria-hidden=\"true\" class=\"wp-block-spacer\"><\/div>\n\n\n\n<h2 class=\"wp-block-heading has-medium-font-size\" id=\"\u043d\u0430\u0458\u0437\u043d\u0430\u0447\u0430\u0458\u043d\u0438\u0458\u0438-\u043d\u0430\u0443\u0447\u043d\u043e\u0438\u0441\u0442\u0440\u0430\u0436\u0438\u0432\u0430\u0447\u043a\u0438-\u0440\u0435\u0437\u0443\u043b\u0442\u0430\u0442\u0438-\u0431\u0438\u0431\u043b\u0438\u043e\u0433\u0440\u0430\u0444\u0438\u0458\u0430\"><strong><strong>List of selected publications<\/strong><\/strong><\/h2>\n\n\n\n<div style=\"height:20px\" aria-hidden=\"true\" class=\"wp-block-spacer\"><\/div>\n\n\n\n<p>(M23) Stefanovi\u0107 N., Danilovi\u0107 Hristi\u0107 N., Krsti\u0107 P., (2021), Transport Analysis of Large Projects as a Key Method in Urban Planning &#8211; Belgrade Waterfront Project, Baltica Journal, Vol. 34, No 11, ISSN 0067-3064;<\/p>\n\n\n\n<p>(M23) Stefanovi\u0107 N., Kruni\u0107 N., Danilovi\u0107 Hristi\u0107 N., (2021), The Spatial and Planning Aspect of Solving the Issue of Radioactive Waste Disposal in the Republic of Serbia, Nuclear Technology &amp; Radiation Protection, Vol. 36, No 1, 2021, pp 38-49, https:\/\/doi.org\/10.2298\/NTRP210119011S;<\/p>\n\n\n\n<p>(M22) Danilovi\u0107 Hristi\u0107 N., Stefanovi\u0107 N., Miliji\u0107 S., (2020), Danube&#8217;s river cruises as a strategy for representing the historical heritage and developing of cultural tourism in Serbia, Sustainability, MDPI Basel, 2020\/12, Special issue 24, 10297, doi:10.3390\/su122410297;<\/p>\n\n\n\n<p>(M23) Danilovi\u0107 Hristi\u0107, N., Stefanovi\u0107, N. (2020), Does appearance of the migrants change citizens perception of the public space? Case study of Belgrade, Serbia. Problemy Ekorozwoju\/ Problems of Sustainable Development, Vol 15, No. 1, 2020, pp. 71-80;<\/p>\n\n\n\n<p>(M23) Stefanovi\u0107, N., Danilovi\u0107 Hristi\u0107, N., Josimovi\u0107, B. (2017), \u0422he Spatial and Urban Planning Concerns Related to Nuclear Facilities Locations &#8211; Case Study of the Vin\u010da Institute Location, Nuclear Technology &amp; Radiation Protection, Vol. XXXII, No 1, 2017, pp. 99-108, <a href=\"http:\/\/doi.org\/10.2298\/NTRP1701099S\">http:\/\/doi.org\/10.2298\/NTRP1701099S<\/a>., <a href=\"http:\/\/ntrp.vinca.rs\/2017_1\/Stefanovic_2017_1.pdf\">http:\/\/ntrp.vinca.rs\/2017_1\/Stefanovic_2017_1.pdf<\/a>.;<\/p>\n\n\n\n<p>(M26) Stefanovi\u0107, N., Danilovi\u0107 Hristi\u0107, N., Josimovi\u0107, B. (2017), Commentary on the Letter to the Editor by Ivana Avramovi\u0107 and Milan Vujovi\u0107, according to the article entitled \u201e\u0422he Spatial and Urban Planning Concerns Related to Nuclear Facilities Locations &#8211; Case Study of the Vin\u010da Institute Location\u201c by Neboj\u0161a D. Stefanovi\u0107, Nata\u0161a M. Danilovi\u0107 Hristi\u0107 and Bo\u0161ko D. Josimovi\u0107 (published in the Nuclear Technology &amp; Radiation Protection: Year 2017, Vol. 32, No. 1, pp. 99-108), Nuclear Technology &amp; Radiation Protection, Vol. XXXII, No 3, 2017, pp. 301-304.<\/p>\n\n\n\n<div style=\"height:20px\" aria-hidden=\"true\" class=\"wp-block-spacer\"><\/div>\n\n\n\n<h2 class=\"wp-block-heading has-medium-font-size\" id=\"\u043d\u0430\u0458\u0437\u043d\u0430\u0447\u0430\u0458\u043d\u0438\u0458\u0438-\u0441\u0442\u0440\u0443\u0447\u043d\u0438-\u0440\u0435\u0437\u0443\u043b\u0442\u0430\u0442\u0438\"><strong>List of selected professional results (team leading as responsible planner) <\/strong><\/h2>\n\n\n\n<div style=\"height:20px\" aria-hidden=\"true\" class=\"wp-block-spacer\"><\/div>\n\n\n\n<p>Spatial plan of the Republic of Serbia from 2021. to 2035. (Draft) \u2013 team leader;<\/p>\n\n\n\n<p>Changes and amendments &nbsp;of the Spatial plan of infrastructure corridor Ni\u0161- Republic Macedonia border (\u201eOfficial gazette &nbsp;RS\u201c, No. 100\/21) \u2013 team leader;<\/p>\n\n\n\n<p>Spatial plan for special purpose area of infrastructure corridor state road IB, Highway \u0415-75 Beograd-Ni\u0161 (intersection \u201ePo\u017earevac\u201d) \u2013 Po\u017earevac (bypass) \u2013 Veliko Gradi\u0161te \u2013 Golubac (\u201eOfficial gazette &nbsp;RS\u201c, No. 7\/21) \u2013 team leader;<\/p>\n\n\n\n<p>Plan of detail regulation for Turistic complex \u201e\u0160pic\u201c in Veliko Gradi\u0161te municipality (\u201eOfficial gazette of Veliko Gradi\u0161te\u201c, No. 29\/21) \u2013 team leader;<\/p>\n\n\n\n<p>Plan of detail regulation for extension and reconstruction of 110 kV No. 151\/2 \u0422S Pan\u010devo 2 \u2013 \u0422S Alibunar, section from \u0422S Pan\u010devo 2 to pole No. 99 on the teritory of Pan\u010devo town (\u201eOfficial gazette of Pan\u010devo\u201c, No. &nbsp;20\/21) \u2013 team leader;<\/p>\n\n\n\n<p>Plan of detail regulation for new section of the part of state road IB No. 27 Valjevo-Loznica, on the Loznica teritory (2020) \u2013 team leader<em>;<\/em><\/p>\n\n\n\n<p>Plan of detail regulation for state road IB &nbsp;\u0160abac-Loznica in \u0160abac (\u201eOfficial gazette of \u0160abac\u201c, No. 35\/20) &#8211; team leader<em>;<\/em><\/p>\n\n\n\n<p>Spatial plan for special purpose area for implementation of the project of exploitation and processing of Jadarit mineral \u201eJadar\u201c (\u201eOfficial gazette &nbsp;RS\u201c, No. 26\/20) \u2013 team leader;<\/p>\n\n\n\n<p>Spatial plan for special purpose area of state road IB No. 27, Loznica-Valjevo-Lazarevac, section Iverak-Lajkovac (connection with highway \u0415-763 Belgrade-South Jadran, section Belgrade-Po\u017eega) (\u201eOfficial gazette &nbsp;RS\u201c, No. 2\/20) \u2013 team leader;<\/p>\n\n\n\n<p>Plan of detail regulation of infrastructure corridor state road IB No. 26 on administrative territory of Loznica town Loznica, 2020 \u2013 team leader;<\/p>\n\n\n\n<p>Changes and amendments &nbsp;of the Spatial plan for special purpose area of infrastructure corridor of highway \u0415-80, section Ni\u0161-Merdare (\u201eOfficial gazette &nbsp;RS\u201c, No. 55\/19 \u0438 62\/19) \u2013 team leader;<\/p>\n\n\n\n<p>Plan of detail regulation of infrastructure corridor of state road IB &nbsp;\u0160abac-Loznica in Bogati\u0107 municipality and state road &nbsp;IB Slep\u010devi\u0107\u2013 state border Badovinci (Pavlovi\u0107a bridge), 2019 \u2013 team leader<em>;<\/em><\/p>\n\n\n\n<p>Spatial plan for special purpose area of infrastructure corridor of highway \u0415-80, section Ni\u0161-Merdare (\u201eOfficial gazette &nbsp;RS\u201c, No. 102\/17) \u2013 team leader;<\/p>\n\n\n\n<p>General plan of Belgrade (changes and amendments &nbsp;), 2014 \u2013 team leader;<\/p>\n\n\n\n<p>Spatial plan for special purpose area of hydropower plants system on Ibar river (\u201eOfficial gazette &nbsp;RS\u201c, No. 58\/12) \u2013 team leader;<\/p>\n\n\n\n<p>Spatial plan for special purpose area of product pipeline system in Serbia (\u201eOfficial gazette &nbsp;RS\u201c, No. 19\/11) \u2013 team leader;<\/p>\n\n\n\n<p>Regional spatial plan of the Timok region (\u201eOfficial gazette &nbsp;RS\u201c, No. 51\/11) \u2013 team leader;<\/p>\n\n\n\n<p>Spatial plan of the Loznica town, 2011 \u2013 team leader;<\/p>\n\n\n\n<p>Spatial plan of the Leskovac town, 2011 \u2013 team leader;<\/p>\n\n\n\n<p>Spatial plan of the Arilje municipality, 2011 \u2013 team leader;<\/p>\n\n\n\n<p>Spatial plan of the Lazarevac municipality, 2009 \u2013 team leader.<\/p>\n\n\n\n<div style=\"height:20px\" aria-hidden=\"true\" class=\"wp-block-spacer\"><\/div>\n\n\n\n<h2 class=\"wp-block-heading has-medium-font-size\" id=\"\u0447\u043b\u0430\u043d\u0441\u0442\u0432\u043e-\u0443-\u043d\u0430\u0443\u0447\u043d\u0438\u043c-\u0438-\u0441\u0442\u0440\u0443\u0447\u043d\u0438\u043c-\u0443\u0434\u0440\u0443\u0436\u0435\u045a\u0438\u043c\u0430-\u043a\u043e\u043c\u0438\u0441\u0438\u0458\u0430\u043c\u0430-\u0438-\u0442\u0435\u043b\u0438\u043c\u0430\"><strong>Membership in scientific and professional associations, juries and bodies<\/strong><\/h2>\n\n\n\n<div style=\"height:20px\" aria-hidden=\"true\" class=\"wp-block-spacer\"><\/div>\n\n\n\n<p>from 2020. member of the Commission for expert control of planning documents of AP Vojvodina;<\/p>\n\n\n\n<p>2018-2019. and&nbsp; 2007-2009. president of Spatial planers section in Serbian Chamber of Engineers;<\/p>\n\n\n\n<p>2017\u20132021. member of Commission for planning documents of Kraljevo;<\/p>\n\n\n\n<p>2014-2016. deputy chairman of the Commission for control of compliance of planning documents of the Provincial Secretariat for Urbanism, Construction and Environmental Protection of AP Vojvodina;<\/p>\n\n\n\n<p>2010-2015. chairman of the Commission for professional exam in the field of spatial planning of the Ministry of Environment and Planning;<\/p>\n\n\n\n<p>2009-2012. chairman of the Commission for planning documents of the Belgrade;<\/p>\n\n\n\n<p>2009-2012. deputy of the president of Court of honor in the Serbian Chamber of Engineers;<\/p>\n\n\n\n<p>2002-2004. deputy chairman of the Commission for expert control of spatial plans in Ministry of Urban Planning and Construction;<\/p>\n\n\n\n<p>2002-2004. representative of Serbia and Montenegro in Committee of High Representatives of CEMAT, European Conference of Ministers Responsible for Regional Planning, Council of Europe;<\/p>\n\n\n\n<p>\u043e\u0434 2002. member of the Association of Spatial Planners of Serbia.<\/p>\n\n\n\n<div style=\"height:20px\" aria-hidden=\"true\" class=\"wp-block-spacer\"><\/div>\n\n\n\n<h2 class=\"wp-block-heading has-medium-font-size\" id=\"\u0447\u043b\u0430\u043d\u0441\u0442\u0432\u043e-\u0443-\u043e\u0434\u0431\u043e\u0440\u0438\u043c\u0430-\u043d\u0430\u0443\u0447\u043d\u0438\u0445-\u0438-\u0441\u0442\u0440\u0443\u0447\u043d\u0438\u0445-\u043a\u043e\u043d\u0444\u0435\u0440\u0435\u043d\u0446\u0438\u0458\u0430\"><strong>Membership in the boards of scientific and professional conferences<\/strong><\/h2>\n\n\n\n<p>Membership in a number of organizational and scientific committees.<\/p>\n\n\n\n<div style=\"height:20px\" aria-hidden=\"true\" class=\"wp-block-spacer\"><\/div>\n\n\n\n<h2 class=\"wp-block-heading has-medium-font-size\" id=\"\u0447\u043b\u0430\u043d\u0441\u0442\u0432\u043e-\u0443-\u043e\u0434\u0431\u043e\u0440\u0438\u043c\u0430-\u043d\u0430\u0443\u0447\u043d\u0438\u0445-\u0438-\u0441\u0442\u0440\u0443\u0447\u043d\u0438\u0445-\u0447\u0430\u0441\u043e\u043f\u0438\u0441\u0430\"><strong>Membership in the boards of scientific and professional journals<\/strong><\/h2>\n\n\n\n<div style=\"height:20px\" aria-hidden=\"true\" class=\"wp-block-spacer\"><\/div>\n\n\n\n<p>Editorial board of national journal with international importans SPATIUM (\u043e\u0434 2020).<\/p>\n\n\n\n<div style=\"height:20px\" aria-hidden=\"true\" class=\"wp-block-spacer\"><\/div>\n\n\n\n<h2 class=\"wp-block-heading has-medium-font-size\" id=\"\u043e\u0441\u0442\u0430\u043b\u043e-\u0443\u0447\u0435\u0448\u045b\u0435-\u0443-\u043d\u0430\u0441\u0442\u0430\u0432\u0438-\u0441\u0442\u0440\u0443\u0447\u043d\u043e\u0458-\u043f\u0440\u0430\u043a\u0441\u0438-\u0438-\u0434\u0440\u0443\u0433\u0438\u043c-\u043e\u0431\u043b\u0438\u0446\u0438\u043c\u0430-\u0435\u0434\u0443\u043a\u0430\u0446\u0438\u0458\u0435-\u043c\u0435\u043d\u0442\u043e\u0440\u0441\u0442\u0432\u043e-\u0438-\u0441\u043b\"><strong>Other<\/strong><\/h2>\n\n\n\n<div style=\"height:20px\" aria-hidden=\"true\" class=\"wp-block-spacer\"><\/div>\n\n\n\n<p>2020-2022. reviews of papers in: International Journal (M23) <em>Nuclear Technology &amp; Radiation Protection<\/em>, published by the Vinca Institute of Nuclear Sciences, ISSN 1451-3994; National Journal of International Importance (M24) <em>SPATIUM<\/em> International Review, publisher IAUS, ISSN: 2217-8066; National Journal of International Importance (M24) <em>Geographica Pannonica<\/em>, publisher Faculty of Natural Science, University of Novi Sad, ISSN:0354-8724;<\/p>\n\n\n\n<p>from 2018. mentor at the Institute of Architecture and Urban&amp;Spatial Planning of Serbia for Danijela Srni\u0107, master of spatial planning, doctoral studies at the Faculty of Geography, University of Belgrade;<\/p>\n\n\n\n<p>from 2016. memeber of several commissions at the Institute of Architecture and Urban&amp;Spatial Planning of Serbia for election to scientific titles and commissions at the Faculty of Geography, University of Belgrade for the doctoral dissertations;<\/p>\n\n\n\n<p>from 2010. regular guest lecturer in teaching Spatial planning studies at the Faculty of Geography, University of Belgrade.<\/p>\n\n\n\n<div style=\"height:20px\" aria-hidden=\"true\" class=\"wp-block-spacer\"><\/div>\n<\/div>\n<\/div><\/section>\n","protected":false},"excerpt":{"rendered":"<p>Ph.D. in Spatial Planning <br \/>\nPrincipal Research Fellow<br \/>\n\u0422: + 381 11 3207 309 <br \/>\n\u041c:\u00a0<a href=\"mailto:nebojsa@iaus.ac.rs\">nebojsa@iaus.ac.rs<\/a><\/p>\n","protected":false},"author":1,"featured_media":4940,"comment_status":"open","ping_status":"open","sticky":false,"template":"","format":"standard","meta":{"_uag_custom_page_level_css":"","site-sidebar-layout":"default","site-content-layout":"","ast-site-content-layout":"default","site-content-style":"default","site-sidebar-style":"default","ast-global-header-display":"","ast-banner-title-visibility":"","ast-main-header-display":"","ast-hfb-above-header-display":"","ast-hfb-below-header-display":"","ast-hfb-mobile-header-display":"","site-post-title":"","ast-breadcrumbs-content":"","ast-featured-img":"","footer-sml-layout":"","ast-disable-related-posts":"","theme-transparent-header-meta":"","adv-header-id-meta":"","stick-header-meta":"","header-above-stick-meta":"","header-main-stick-meta":"","header-below-stick-meta":"","astra-migrate-meta-layouts":"set","ast-page-background-enabled":"default","ast-page-background-meta":{"desktop":{"background-color":"var(--ast-global-color-4)","background-image":"","background-repeat":"repeat","background-position":"center center","background-size":"auto","background-attachment":"scroll","background-type":"","background-media":"","overlay-type":"","overlay-color":"","overlay-opacity":"","overlay-gradient":""},"tablet":{"background-color":"","background-image":"","background-repeat":"repeat","background-position":"center center","background-size":"auto","background-attachment":"scroll","background-type":"","background-media":"","overlay-type":"","overlay-color":"","overlay-opacity":"","overlay-gradient":""},"mobile":{"background-color":"","background-image":"","background-repeat":"repeat","background-position":"center center","background-size":"auto","background-attachment":"scroll","background-type":"","background-media":"","overlay-type":"","overlay-color":"","overlay-opacity":"","overlay-gradient":""}},"ast-content-background-meta":{"desktop":{"background-color":"var(--ast-global-color-5)","background-image":"","background-repeat":"repeat","background-position":"center center","background-size":"auto","background-attachment":"scroll","background-type":"","background-media":"","overlay-type":"","overlay-color":"","overlay-opacity":"","overlay-gradient":""},"tablet":{"background-color":"var(--ast-global-color-5)","background-image":"","background-repeat":"repeat","background-position":"center center","background-size":"auto","background-attachment":"scroll","background-type":"","background-media":"","overlay-type":"","overlay-color":"","overlay-opacity":"","overlay-gradient":""},"mobile":{"background-color":"var(--ast-global-color-5)","background-image":"","background-repeat":"repeat","background-position":"center center","background-size":"auto","background-attachment":"scroll","background-type":"","background-media":"","overlay-type":"","overlay-color":"","overlay-opacity":"","overlay-gradient":""}},"footnotes":""},"categories":[60],"tags":[],"class_list":["post-5694","post","type-post","status-publish","format-standard","has-post-thumbnail","hentry","category-employers"],"gutentor_comment":0,"yoast_head":"<!-- This site is optimized with the Yoast SEO plugin v27.4 - https:\/\/yoast.com\/product\/yoast-seo-wordpress\/ -->\n<title>Neboj\u0161a Stefanovi\u0107 Ph.d. - \u0418\u043d\u0441\u0442\u0438\u0442\u0443\u0442 \u0437\u0430 \u0430\u0440\u0445\u0438\u0442\u0435\u043a\u0442\u0443\u0440\u0443 \u0438 \u0443\u0440\u0431\u0430\u043d\u0438\u0437\u0430\u043c \u0421\u0440\u0431\u0438\u0458\u0435<\/title>\n<meta name=\"robots\" content=\"index, follow, max-snippet:-1, max-image-preview:large, max-video-preview:-1\" \/>\n<link rel=\"canonical\" href=\"https:\/\/iaus.ac.rs\/en\/dr-nebojsa-stefanovic\/\" \/>\n<meta property=\"og:locale\" content=\"en_US\" \/>\n<meta property=\"og:type\" content=\"article\" \/>\n<meta property=\"og:title\" content=\"Neboj\u0161a Stefanovi\u0107 Ph.d. - \u0418\u043d\u0441\u0442\u0438\u0442\u0443\u0442 \u0437\u0430 \u0430\u0440\u0445\u0438\u0442\u0435\u043a\u0442\u0443\u0440\u0443 \u0438 \u0443\u0440\u0431\u0430\u043d\u0438\u0437\u0430\u043c \u0421\u0440\u0431\u0438\u0458\u0435\" \/>\n<meta property=\"og:description\" content=\"Ph.D. in Spatial Planning Principal Research Fellow \u0422: + 381 11 3207 309 \u041c:\u00a0nebojsa@iaus.ac.rs\" \/>\n<meta property=\"og:url\" content=\"https:\/\/iaus.ac.rs\/en\/dr-nebojsa-stefanovic\/\" \/>\n<meta property=\"og:site_name\" content=\"\u0418\u043d\u0441\u0442\u0438\u0442\u0443\u0442 \u0437\u0430 \u0430\u0440\u0445\u0438\u0442\u0435\u043a\u0442\u0443\u0440\u0443 \u0438 \u0443\u0440\u0431\u0430\u043d\u0438\u0437\u0430\u043c \u0421\u0440\u0431\u0438\u0458\u0435\" \/>\n<meta property=\"article:published_time\" content=\"2022-02-02T11:30:10+00:00\" \/>\n<meta property=\"article:modified_time\" content=\"2025-10-01T19:18:42+00:00\" \/>\n<meta property=\"og:image\" content=\"https:\/\/iaus.ac.rs\/wp-content\/uploads\/2021\/09\/2-07-Zaposleni-17-Nebojsa-Stefanovic.jpeg\" \/>\n\t<meta property=\"og:image:width\" content=\"800\" \/>\n\t<meta property=\"og:image:height\" content=\"1067\" \/>\n\t<meta property=\"og:image:type\" content=\"image\/jpeg\" \/>\n<meta name=\"author\" content=\"Maja Milosevic\" \/>\n<meta name=\"twitter:card\" content=\"summary_large_image\" \/>\n<meta name=\"twitter:label1\" content=\"Written by\" \/>\n\t<meta name=\"twitter:data1\" content=\"Maja Milosevic\" \/>\n\t<meta name=\"twitter:label2\" content=\"Est. reading time\" \/>\n\t<meta name=\"twitter:data2\" content=\"9 minutes\" \/>\n<script type=\"application\/ld+json\" class=\"yoast-schema-graph\">{\"@context\":\"https:\\\/\\\/schema.org\",\"@graph\":[{\"@type\":\"Article\",\"@id\":\"https:\\\/\\\/iaus.ac.rs\\\/en\\\/dr-nebojsa-stefanovic\\\/#article\",\"isPartOf\":{\"@id\":\"https:\\\/\\\/iaus.ac.rs\\\/en\\\/dr-nebojsa-stefanovic\\\/\"},\"author\":{\"name\":\"Maja Milosevic\",\"@id\":\"https:\\\/\\\/iaus.ac.rs\\\/en\\\/#\\\/schema\\\/person\\\/8a34417fd8cf7dc65c5e1d037761b0e1\"},\"headline\":\"Neboj\u0161a Stefanovi\u0107 Ph.d.\",\"datePublished\":\"2022-02-02T11:30:10+00:00\",\"dateModified\":\"2025-10-01T19:18:42+00:00\",\"mainEntityOfPage\":{\"@id\":\"https:\\\/\\\/iaus.ac.rs\\\/en\\\/dr-nebojsa-stefanovic\\\/\"},\"wordCount\":1527,\"commentCount\":0,\"publisher\":{\"@id\":\"https:\\\/\\\/iaus.ac.rs\\\/en\\\/#organization\"},\"image\":{\"@id\":\"https:\\\/\\\/iaus.ac.rs\\\/en\\\/dr-nebojsa-stefanovic\\\/#primaryimage\"},\"thumbnailUrl\":\"https:\\\/\\\/iaus.ac.rs\\\/wp-content\\\/uploads\\\/2021\\\/09\\\/2-07-Zaposleni-17-Nebojsa-Stefanovic.jpeg\",\"articleSection\":[\"Employers\"],\"inLanguage\":\"en-US\",\"potentialAction\":[{\"@type\":\"CommentAction\",\"name\":\"Comment\",\"target\":[\"https:\\\/\\\/iaus.ac.rs\\\/en\\\/dr-nebojsa-stefanovic\\\/#respond\"]}]},{\"@type\":\"WebPage\",\"@id\":\"https:\\\/\\\/iaus.ac.rs\\\/en\\\/dr-nebojsa-stefanovic\\\/\",\"url\":\"https:\\\/\\\/iaus.ac.rs\\\/en\\\/dr-nebojsa-stefanovic\\\/\",\"name\":\"Neboj\u0161a Stefanovi\u0107 Ph.d. - \u0418\u043d\u0441\u0442\u0438\u0442\u0443\u0442 \u0437\u0430 \u0430\u0440\u0445\u0438\u0442\u0435\u043a\u0442\u0443\u0440\u0443 \u0438 \u0443\u0440\u0431\u0430\u043d\u0438\u0437\u0430\u043c \u0421\u0440\u0431\u0438\u0458\u0435\",\"isPartOf\":{\"@id\":\"https:\\\/\\\/iaus.ac.rs\\\/en\\\/#website\"},\"primaryImageOfPage\":{\"@id\":\"https:\\\/\\\/iaus.ac.rs\\\/en\\\/dr-nebojsa-stefanovic\\\/#primaryimage\"},\"image\":{\"@id\":\"https:\\\/\\\/iaus.ac.rs\\\/en\\\/dr-nebojsa-stefanovic\\\/#primaryimage\"},\"thumbnailUrl\":\"https:\\\/\\\/iaus.ac.rs\\\/wp-content\\\/uploads\\\/2021\\\/09\\\/2-07-Zaposleni-17-Nebojsa-Stefanovic.jpeg\",\"datePublished\":\"2022-02-02T11:30:10+00:00\",\"dateModified\":\"2025-10-01T19:18:42+00:00\",\"breadcrumb\":{\"@id\":\"https:\\\/\\\/iaus.ac.rs\\\/en\\\/dr-nebojsa-stefanovic\\\/#breadcrumb\"},\"inLanguage\":\"en-US\",\"potentialAction\":[{\"@type\":\"ReadAction\",\"target\":[\"https:\\\/\\\/iaus.ac.rs\\\/en\\\/dr-nebojsa-stefanovic\\\/\"]}]},{\"@type\":\"ImageObject\",\"inLanguage\":\"en-US\",\"@id\":\"https:\\\/\\\/iaus.ac.rs\\\/en\\\/dr-nebojsa-stefanovic\\\/#primaryimage\",\"url\":\"https:\\\/\\\/iaus.ac.rs\\\/wp-content\\\/uploads\\\/2021\\\/09\\\/2-07-Zaposleni-17-Nebojsa-Stefanovic.jpeg\",\"contentUrl\":\"https:\\\/\\\/iaus.ac.rs\\\/wp-content\\\/uploads\\\/2021\\\/09\\\/2-07-Zaposleni-17-Nebojsa-Stefanovic.jpeg\",\"width\":800,\"height\":1067},{\"@type\":\"BreadcrumbList\",\"@id\":\"https:\\\/\\\/iaus.ac.rs\\\/en\\\/dr-nebojsa-stefanovic\\\/#breadcrumb\",\"itemListElement\":[{\"@type\":\"ListItem\",\"position\":1,\"name\":\". . . Institute of Architecture and Urban &amp; Spatial Planning of Serbia\",\"item\":\"https:\\\/\\\/iaus.ac.rs\\\/en\\\/\"},{\"@type\":\"ListItem\",\"position\":2,\"name\":\"Neboj\u0161a Stefanovi\u0107 Ph.d.\"}]},{\"@type\":\"WebSite\",\"@id\":\"https:\\\/\\\/iaus.ac.rs\\\/en\\\/#website\",\"url\":\"https:\\\/\\\/iaus.ac.rs\\\/en\\\/\",\"name\":\"\u0418\u043d\u0441\u0442\u0438\u0442\u0443\u0442 \u0437\u0430 \u0430\u0440\u0445\u0438\u0442\u0435\u043a\u0442\u0443\u0440\u0443 \u0438 \u0443\u0440\u0431\u0430\u043d\u0438\u0437\u0430\u043c \u0421\u0440\u0431\u0438\u0458\u0435\",\"description\":\"\",\"publisher\":{\"@id\":\"https:\\\/\\\/iaus.ac.rs\\\/en\\\/#organization\"},\"potentialAction\":[{\"@type\":\"SearchAction\",\"target\":{\"@type\":\"EntryPoint\",\"urlTemplate\":\"https:\\\/\\\/iaus.ac.rs\\\/en\\\/?s={search_term_string}\"},\"query-input\":{\"@type\":\"PropertyValueSpecification\",\"valueRequired\":true,\"valueName\":\"search_term_string\"}}],\"inLanguage\":\"en-US\"},{\"@type\":\"Organization\",\"@id\":\"https:\\\/\\\/iaus.ac.rs\\\/en\\\/#organization\",\"name\":\"\u0418\u043d\u0441\u0442\u0438\u0442\u0443\u0442 \u0437\u0430 \u0430\u0440\u0445\u0438\u0442\u0435\u043a\u0442\u0443\u0440\u0443 \u0438 \u0443\u0440\u0431\u0430\u043d\u0438\u0437\u0430\u043c \u0421\u0440\u0431\u0438\u0458\u0435\",\"url\":\"https:\\\/\\\/iaus.ac.rs\\\/en\\\/\",\"logo\":{\"@type\":\"ImageObject\",\"inLanguage\":\"en-US\",\"@id\":\"https:\\\/\\\/iaus.ac.rs\\\/en\\\/#\\\/schema\\\/logo\\\/image\\\/\",\"url\":\"https:\\\/\\\/iaus.ac.rs\\\/wp-content\\\/uploads\\\/2021\\\/09\\\/Logo.png\",\"contentUrl\":\"https:\\\/\\\/iaus.ac.rs\\\/wp-content\\\/uploads\\\/2021\\\/09\\\/Logo.png\",\"width\":993,\"height\":265,\"caption\":\"\u0418\u043d\u0441\u0442\u0438\u0442\u0443\u0442 \u0437\u0430 \u0430\u0440\u0445\u0438\u0442\u0435\u043a\u0442\u0443\u0440\u0443 \u0438 \u0443\u0440\u0431\u0430\u043d\u0438\u0437\u0430\u043c \u0421\u0440\u0431\u0438\u0458\u0435\"},\"image\":{\"@id\":\"https:\\\/\\\/iaus.ac.rs\\\/en\\\/#\\\/schema\\\/logo\\\/image\\\/\"}},{\"@type\":\"Person\",\"@id\":\"https:\\\/\\\/iaus.ac.rs\\\/en\\\/#\\\/schema\\\/person\\\/8a34417fd8cf7dc65c5e1d037761b0e1\",\"name\":\"Maja Milosevic\",\"image\":{\"@type\":\"ImageObject\",\"inLanguage\":\"en-US\",\"@id\":\"https:\\\/\\\/secure.gravatar.com\\\/avatar\\\/a1cc4432c6d5dadd3fb48bd752632ad09e50d9fea2a18e4dfa6f92154bce512a?s=96&d=mm&r=g\",\"url\":\"https:\\\/\\\/secure.gravatar.com\\\/avatar\\\/a1cc4432c6d5dadd3fb48bd752632ad09e50d9fea2a18e4dfa6f92154bce512a?s=96&d=mm&r=g\",\"contentUrl\":\"https:\\\/\\\/secure.gravatar.com\\\/avatar\\\/a1cc4432c6d5dadd3fb48bd752632ad09e50d9fea2a18e4dfa6f92154bce512a?s=96&d=mm&r=g\",\"caption\":\"Maja Milosevic\"},\"sameAs\":[\"https:\\\/\\\/iaus.ac.rs\"],\"url\":\"https:\\\/\\\/iaus.ac.rs\\\/en\\\/author\\\/maja-milosevic\\\/\"}]}<\/script>\n<!-- \/ Yoast SEO plugin. -->","yoast_head_json":{"title":"Neboj\u0161a Stefanovi\u0107 Ph.d. - \u0418\u043d\u0441\u0442\u0438\u0442\u0443\u0442 \u0437\u0430 \u0430\u0440\u0445\u0438\u0442\u0435\u043a\u0442\u0443\u0440\u0443 \u0438 \u0443\u0440\u0431\u0430\u043d\u0438\u0437\u0430\u043c \u0421\u0440\u0431\u0438\u0458\u0435","robots":{"index":"index","follow":"follow","max-snippet":"max-snippet:-1","max-image-preview":"max-image-preview:large","max-video-preview":"max-video-preview:-1"},"canonical":"https:\/\/iaus.ac.rs\/en\/dr-nebojsa-stefanovic\/","og_locale":"en_US","og_type":"article","og_title":"Neboj\u0161a Stefanovi\u0107 Ph.d. - \u0418\u043d\u0441\u0442\u0438\u0442\u0443\u0442 \u0437\u0430 \u0430\u0440\u0445\u0438\u0442\u0435\u043a\u0442\u0443\u0440\u0443 \u0438 \u0443\u0440\u0431\u0430\u043d\u0438\u0437\u0430\u043c \u0421\u0440\u0431\u0438\u0458\u0435","og_description":"Ph.D. in Spatial Planning Principal Research Fellow \u0422: + 381 11 3207 309 \u041c:\u00a0nebojsa@iaus.ac.rs","og_url":"https:\/\/iaus.ac.rs\/en\/dr-nebojsa-stefanovic\/","og_site_name":"\u0418\u043d\u0441\u0442\u0438\u0442\u0443\u0442 \u0437\u0430 \u0430\u0440\u0445\u0438\u0442\u0435\u043a\u0442\u0443\u0440\u0443 \u0438 \u0443\u0440\u0431\u0430\u043d\u0438\u0437\u0430\u043c \u0421\u0440\u0431\u0438\u0458\u0435","article_published_time":"2022-02-02T11:30:10+00:00","article_modified_time":"2025-10-01T19:18:42+00:00","og_image":[{"width":800,"height":1067,"url":"https:\/\/iaus.ac.rs\/wp-content\/uploads\/2021\/09\/2-07-Zaposleni-17-Nebojsa-Stefanovic.jpeg","type":"image\/jpeg"}],"author":"Maja Milosevic","twitter_card":"summary_large_image","twitter_misc":{"Written by":"Maja Milosevic","Est. reading time":"9 minutes"},"schema":{"@context":"https:\/\/schema.org","@graph":[{"@type":"Article","@id":"https:\/\/iaus.ac.rs\/en\/dr-nebojsa-stefanovic\/#article","isPartOf":{"@id":"https:\/\/iaus.ac.rs\/en\/dr-nebojsa-stefanovic\/"},"author":{"name":"Maja Milosevic","@id":"https:\/\/iaus.ac.rs\/en\/#\/schema\/person\/8a34417fd8cf7dc65c5e1d037761b0e1"},"headline":"Neboj\u0161a Stefanovi\u0107 Ph.d.","datePublished":"2022-02-02T11:30:10+00:00","dateModified":"2025-10-01T19:18:42+00:00","mainEntityOfPage":{"@id":"https:\/\/iaus.ac.rs\/en\/dr-nebojsa-stefanovic\/"},"wordCount":1527,"commentCount":0,"publisher":{"@id":"https:\/\/iaus.ac.rs\/en\/#organization"},"image":{"@id":"https:\/\/iaus.ac.rs\/en\/dr-nebojsa-stefanovic\/#primaryimage"},"thumbnailUrl":"https:\/\/iaus.ac.rs\/wp-content\/uploads\/2021\/09\/2-07-Zaposleni-17-Nebojsa-Stefanovic.jpeg","articleSection":["Employers"],"inLanguage":"en-US","potentialAction":[{"@type":"CommentAction","name":"Comment","target":["https:\/\/iaus.ac.rs\/en\/dr-nebojsa-stefanovic\/#respond"]}]},{"@type":"WebPage","@id":"https:\/\/iaus.ac.rs\/en\/dr-nebojsa-stefanovic\/","url":"https:\/\/iaus.ac.rs\/en\/dr-nebojsa-stefanovic\/","name":"Neboj\u0161a Stefanovi\u0107 Ph.d. - \u0418\u043d\u0441\u0442\u0438\u0442\u0443\u0442 \u0437\u0430 \u0430\u0440\u0445\u0438\u0442\u0435\u043a\u0442\u0443\u0440\u0443 \u0438 \u0443\u0440\u0431\u0430\u043d\u0438\u0437\u0430\u043c \u0421\u0440\u0431\u0438\u0458\u0435","isPartOf":{"@id":"https:\/\/iaus.ac.rs\/en\/#website"},"primaryImageOfPage":{"@id":"https:\/\/iaus.ac.rs\/en\/dr-nebojsa-stefanovic\/#primaryimage"},"image":{"@id":"https:\/\/iaus.ac.rs\/en\/dr-nebojsa-stefanovic\/#primaryimage"},"thumbnailUrl":"https:\/\/iaus.ac.rs\/wp-content\/uploads\/2021\/09\/2-07-Zaposleni-17-Nebojsa-Stefanovic.jpeg","datePublished":"2022-02-02T11:30:10+00:00","dateModified":"2025-10-01T19:18:42+00:00","breadcrumb":{"@id":"https:\/\/iaus.ac.rs\/en\/dr-nebojsa-stefanovic\/#breadcrumb"},"inLanguage":"en-US","potentialAction":[{"@type":"ReadAction","target":["https:\/\/iaus.ac.rs\/en\/dr-nebojsa-stefanovic\/"]}]},{"@type":"ImageObject","inLanguage":"en-US","@id":"https:\/\/iaus.ac.rs\/en\/dr-nebojsa-stefanovic\/#primaryimage","url":"https:\/\/iaus.ac.rs\/wp-content\/uploads\/2021\/09\/2-07-Zaposleni-17-Nebojsa-Stefanovic.jpeg","contentUrl":"https:\/\/iaus.ac.rs\/wp-content\/uploads\/2021\/09\/2-07-Zaposleni-17-Nebojsa-Stefanovic.jpeg","width":800,"height":1067},{"@type":"BreadcrumbList","@id":"https:\/\/iaus.ac.rs\/en\/dr-nebojsa-stefanovic\/#breadcrumb","itemListElement":[{"@type":"ListItem","position":1,"name":". . . Institute of Architecture and Urban &amp; Spatial Planning of Serbia","item":"https:\/\/iaus.ac.rs\/en\/"},{"@type":"ListItem","position":2,"name":"Neboj\u0161a Stefanovi\u0107 Ph.d."}]},{"@type":"WebSite","@id":"https:\/\/iaus.ac.rs\/en\/#website","url":"https:\/\/iaus.ac.rs\/en\/","name":"\u0418\u043d\u0441\u0442\u0438\u0442\u0443\u0442 \u0437\u0430 \u0430\u0440\u0445\u0438\u0442\u0435\u043a\u0442\u0443\u0440\u0443 \u0438 \u0443\u0440\u0431\u0430\u043d\u0438\u0437\u0430\u043c \u0421\u0440\u0431\u0438\u0458\u0435","description":"","publisher":{"@id":"https:\/\/iaus.ac.rs\/en\/#organization"},"potentialAction":[{"@type":"SearchAction","target":{"@type":"EntryPoint","urlTemplate":"https:\/\/iaus.ac.rs\/en\/?s={search_term_string}"},"query-input":{"@type":"PropertyValueSpecification","valueRequired":true,"valueName":"search_term_string"}}],"inLanguage":"en-US"},{"@type":"Organization","@id":"https:\/\/iaus.ac.rs\/en\/#organization","name":"\u0418\u043d\u0441\u0442\u0438\u0442\u0443\u0442 \u0437\u0430 \u0430\u0440\u0445\u0438\u0442\u0435\u043a\u0442\u0443\u0440\u0443 \u0438 \u0443\u0440\u0431\u0430\u043d\u0438\u0437\u0430\u043c \u0421\u0440\u0431\u0438\u0458\u0435","url":"https:\/\/iaus.ac.rs\/en\/","logo":{"@type":"ImageObject","inLanguage":"en-US","@id":"https:\/\/iaus.ac.rs\/en\/#\/schema\/logo\/image\/","url":"https:\/\/iaus.ac.rs\/wp-content\/uploads\/2021\/09\/Logo.png","contentUrl":"https:\/\/iaus.ac.rs\/wp-content\/uploads\/2021\/09\/Logo.png","width":993,"height":265,"caption":"\u0418\u043d\u0441\u0442\u0438\u0442\u0443\u0442 \u0437\u0430 \u0430\u0440\u0445\u0438\u0442\u0435\u043a\u0442\u0443\u0440\u0443 \u0438 \u0443\u0440\u0431\u0430\u043d\u0438\u0437\u0430\u043c \u0421\u0440\u0431\u0438\u0458\u0435"},"image":{"@id":"https:\/\/iaus.ac.rs\/en\/#\/schema\/logo\/image\/"}},{"@type":"Person","@id":"https:\/\/iaus.ac.rs\/en\/#\/schema\/person\/8a34417fd8cf7dc65c5e1d037761b0e1","name":"Maja Milosevic","image":{"@type":"ImageObject","inLanguage":"en-US","@id":"https:\/\/secure.gravatar.com\/avatar\/a1cc4432c6d5dadd3fb48bd752632ad09e50d9fea2a18e4dfa6f92154bce512a?s=96&d=mm&r=g","url":"https:\/\/secure.gravatar.com\/avatar\/a1cc4432c6d5dadd3fb48bd752632ad09e50d9fea2a18e4dfa6f92154bce512a?s=96&d=mm&r=g","contentUrl":"https:\/\/secure.gravatar.com\/avatar\/a1cc4432c6d5dadd3fb48bd752632ad09e50d9fea2a18e4dfa6f92154bce512a?s=96&d=mm&r=g","caption":"Maja Milosevic"},"sameAs":["https:\/\/iaus.ac.rs"],"url":"https:\/\/iaus.ac.rs\/en\/author\/maja-milosevic\/"}]}},"uagb_featured_image_src":{"full":["https:\/\/iaus.ac.rs\/wp-content\/uploads\/2021\/09\/2-07-Zaposleni-17-Nebojsa-Stefanovic.jpeg",800,1067,false],"thumbnail":["https:\/\/iaus.ac.rs\/wp-content\/uploads\/2021\/09\/2-07-Zaposleni-17-Nebojsa-Stefanovic-150x150.jpeg",150,150,true],"medium":["https:\/\/iaus.ac.rs\/wp-content\/uploads\/2021\/09\/2-07-Zaposleni-17-Nebojsa-Stefanovic-225x300.jpeg",225,300,true],"medium_large":["https:\/\/iaus.ac.rs\/wp-content\/uploads\/2021\/09\/2-07-Zaposleni-17-Nebojsa-Stefanovic-768x1024.jpeg",768,1024,true],"large":["https:\/\/iaus.ac.rs\/wp-content\/uploads\/2021\/09\/2-07-Zaposleni-17-Nebojsa-Stefanovic-768x1024.jpeg",768,1024,true],"1536x1536":["https:\/\/iaus.ac.rs\/wp-content\/uploads\/2021\/09\/2-07-Zaposleni-17-Nebojsa-Stefanovic.jpeg",800,1067,false],"2048x2048":["https:\/\/iaus.ac.rs\/wp-content\/uploads\/2021\/09\/2-07-Zaposleni-17-Nebojsa-Stefanovic.jpeg",800,1067,false]},"uagb_author_info":{"display_name":"Maja Milosevic","author_link":"https:\/\/iaus.ac.rs\/en\/author\/maja-milosevic\/"},"uagb_comment_info":0,"uagb_excerpt":"Ph.D. in Spatial Planning Principal Research Fellow \u0422: + 381 11 3207 309 \u041c:\u00a0nebojsa@iaus.ac.rs","_links":{"self":[{"href":"https:\/\/iaus.ac.rs\/en\/wp-json\/wp\/v2\/posts\/5694","targetHints":{"allow":["GET"]}}],"collection":[{"href":"https:\/\/iaus.ac.rs\/en\/wp-json\/wp\/v2\/posts"}],"about":[{"href":"https:\/\/iaus.ac.rs\/en\/wp-json\/wp\/v2\/types\/post"}],"author":[{"embeddable":true,"href":"https:\/\/iaus.ac.rs\/en\/wp-json\/wp\/v2\/users\/1"}],"replies":[{"embeddable":true,"href":"https:\/\/iaus.ac.rs\/en\/wp-json\/wp\/v2\/comments?post=5694"}],"version-history":[{"count":1,"href":"https:\/\/iaus.ac.rs\/en\/wp-json\/wp\/v2\/posts\/5694\/revisions"}],"predecessor-version":[{"id":11455,"href":"https:\/\/iaus.ac.rs\/en\/wp-json\/wp\/v2\/posts\/5694\/revisions\/11455"}],"wp:featuredmedia":[{"embeddable":true,"href":"https:\/\/iaus.ac.rs\/en\/wp-json\/wp\/v2\/media\/4940"}],"wp:attachment":[{"href":"https:\/\/iaus.ac.rs\/en\/wp-json\/wp\/v2\/media?parent=5694"}],"wp:term":[{"taxonomy":"category","embeddable":true,"href":"https:\/\/iaus.ac.rs\/en\/wp-json\/wp\/v2\/categories?post=5694"},{"taxonomy":"post_tag","embeddable":true,"href":"https:\/\/iaus.ac.rs\/en\/wp-json\/wp\/v2\/tags?post=5694"}],"curies":[{"name":"wp","href":"https:\/\/api.w.org\/{rel}","templated":true}]}}